{"id":4529,"date":"2022-08-30T09:05:24","date_gmt":"2022-08-30T07:05:24","guid":{"rendered":"http:\/\/www.biolog.world\/?p=4529"},"modified":"2022-08-30T09:08:12","modified_gmt":"2022-08-30T07:08:12","slug":"zukunft-beginnt","status":"publish","type":"post","link":"http:\/\/www.biolog.world\/en\/zukunft-beginnt\/","title":{"rendered":"Zukunft beginnt"},"content":{"rendered":"<p>&#8220;Zukunft beginnt, wenn Kinder werden, was wir noch nicht sein k\u00f6nnen&#8221; Wie also wollen wir leben, erziehen und bilden, damit unseren Kindern wieder eine Zukunft zu Teil wird und nicht blo\u00df ein unbekannter Teil der Vergangenheit.<\/p>\n<p>Es liegt an uns Erwachsenen. Wir m\u00fcssen uns jene Haltungen und jenes Weltwissen aneignen, an denen unsere Kinder werden k\u00f6nnen was wir noch nicht sind. Wir m\u00fcssen verstehen lernen was wir nicht begreifen k\u00f6nnen. Wir m\u00fcssen in einer komplexen Art denken lernen, wie es uns bisher noch nicht m\u00f6glich war. Wir m\u00fcssen uns auf den Weg machen von allem zu sein was Kinder brauchen um an uns zu werden, was wir noch nicht sein k\u00f6nnen.<\/p>\n<p>Der weltweit einzigartige Studienlehrgang \u201e<span style=\"color: #008080;\"><a style=\"color: #008080;\" href=\"http:\/\/www.biolog.world\/studienlehrgang\/\"><span style=\"color: #a89216;\">von allem sein<\/span><\/a><\/span>\u201c findet ab Juli 2023 nun schon zum dritten Mal statt. Drei Jahre voll besonderer Erfahrungen erwarten die Teilnehmer*innen dieses umfassenden Lehrgangs.<\/p>\n<p>Intensive <span style=\"color: #a89216;\"><strong>Studienwochen<\/strong><\/span> in Lappland, von Wissenschaftler*innen begleitete <span style=\"color: #a89216;\"><strong>Exkursionen<\/strong><\/span> und <span style=\"color: #a89216;\"><strong>Praktika<\/strong><\/span>, mannigfaltige <span style=\"color: #a89216;\"><strong>Skripten<\/strong><\/span> und Ebooks und ein Curriculum, das aktueller nicht sein k\u00f6nnte. Die Naturwissenschaften, die Philosophie und die Poesie verbunden zu einem gro\u00dfen Ganzen, das alle wesentlichen Themen f\u00fcr die h\u00f6here Reife begreifen l\u00e4sst.<\/p>\n<p>Das wissenschaftliche Arbeiten, das universit\u00e4re Denken und die Verbundenheit zur Natur und zum Lebendigen, machen aus den drei Jahren des Studierens eine ganz besondere Lebenszeit f\u00fcr alle Teilnehmer*innen.<\/p>\n<p>Es wird eine gute Zeit des Studierens, eine gute Zeit des Reisens in den hohen Norden und in die Tiefen unseres Denkens und Empfindens!<\/p>\n","protected":false},"excerpt":{"rendered":"<p>&#8220;Zukunft beginnt, wenn Kinder werden, was wir noch nicht sein k\u00f6nnen&#8221; Wie also wollen wir leben, erziehen und bilden, damit unseren Kindern wieder eine Zukunft zu Teil wird und nicht blo\u00df ein unbekannter Teil der Vergangenheit. Es liegt an uns Erwachsenen. Wir m\u00fcssen uns jene Haltungen und jenes Weltwissen aneignen, an denen unsere Kinder werden &hellip; <a href=\"http:\/\/www.biolog.world\/en\/zukunft-beginnt\/\" class=\"excerpt-link\">Read More<\/a><\/p>\n","protected":false},"author":1,"featured_media":4533,"comment_status":"closed","ping_status":"closed","sticky":false,"template":"","format":"standard","meta":{"jetpack_publicize_message":"","jetpack_is_tweetstorm":false,"jetpack_publicize_feature_enabled":true},"categories":[1],"tags":[],"jetpack_publicize_connections":[],"jetpack_featured_media_url":"https:\/\/i0.wp.com\/www.biolog.world\/wp-content\/uploads\/2022\/08\/vonallemsein.jpg?fit=1020%2C476","jetpack_sharing_enabled":true,"jetpack_shortlink":"https:\/\/wp.me\/p7OThW-1b3","jetpack-related-posts":[{"id":4041,"url":"http:\/\/www.biolog.world\/en\/es-passiert-nichts\/","url_meta":{"origin":4529,"position":0},"title":"es passiert nichts","date":"Sunday September 15th, 2019","format":false,"excerpt":"Es passiert nichts. Im immer noch vorherrschenden Weltbild des 19. Jahrhunderts pr\u00e4gt das Unverbundene stets die Modulation des Geschehens. Das kleine W\u00f6rtchen \"es\" dr\u00fcckt eine Ebene, eine Instanz aus, die einem, seit dem Beginn des 20. Jahrhunderts g\u00fcltigen, Weltbild vollkommen widerspricht. Folgt man dem Weltbild der holistischen Physik, wie Hans\u2026","rel":"","context":"In &quot;Allgemein&quot;","img":{"alt_text":"","src":"https:\/\/i0.wp.com\/www.biolog.world\/wp-content\/uploads\/2019\/09\/blog.jpg?fit=1020%2C476&resize=350%2C200","width":350,"height":200},"classes":[]},{"id":4204,"url":"http:\/\/www.biolog.world\/en\/zuneigung\/","url_meta":{"origin":4529,"position":1},"title":"Zuneigung","date":"Friday August  7th, 2020","format":false,"excerpt":"\u201ewo Aneignung war soll Zuneigung werden\", dieses Zitat stammt von der K\u00fcnstlerin Isabelle Graw und ist auch jenseits der Kunst wunderbar g\u00fcltig! Wir kommen auf die Welt und sind vorbereitet auf einen freundlichen Empfang. Wir wollen uns der Welt aus vollem Herzen hingeben und zuwenden, um an all dem, was\u2026","rel":"","context":"In &quot;Allgemein&quot;","img":{"alt_text":"","src":"https:\/\/i0.wp.com\/www.biolog.world\/wp-content\/uploads\/2020\/02\/fly-e1630318613887.jpg?fit=1020%2C476&resize=350%2C200","width":350,"height":200},"classes":[]},{"id":3830,"url":"http:\/\/www.biolog.world\/en\/infotag-zum-studienlehrgang\/","url_meta":{"origin":4529,"position":2},"title":"Infotag zum Studienlehrgang","date":"Tuesday October  2nd, 2018","format":false,"excerpt":"von allem sein | Montessori Studienlehrgang 2019 \"Man schafft niemals Ver\u00e4nderung, indem man das Bestehende bek\u00e4mpft. Um etwas zu ver\u00e4ndern, baut man neue Modelle, die das Alte \u00fcberfl\u00fcssig machen.\" (R. Buckminster Fuller) In einem neuen Modell einer Bildung wird nicht die \u00dcberpr\u00fcfbarkeit von Wissen im Vordergrund stehen, sondern der Anteil\u2026","rel":"","context":"In &quot;Allgemein&quot;","img":{"alt_text":"","src":"https:\/\/i0.wp.com\/www.biolog.world\/wp-content\/uploads\/2018\/10\/midnight.jpg?fit=1020%2C476&resize=350%2C200","width":350,"height":200},"classes":[]},{"id":3763,"url":"http:\/\/www.biolog.world\/en\/studienlehrgang-2019-2\/","url_meta":{"origin":4529,"position":3},"title":"Studienlehrgang 2019","date":"Tuesday September 11th, 2018","format":false,"excerpt":"Wir freuen uns sehr, f\u00fcr August 2019 einen weiteren Studienlehrgang \"von allem sein\" ausschreiben zu k\u00f6nnen.\u00a0 F\u00fcr 10 Teilnehmerinnen und\u00a0Teilnehmer er\u00f6ffnet\u00a0sich die einzigartige M\u00f6glichkeit, zu lehrenden Pers\u00f6nlichkeiten heranzuwachsen,\u00a0die selbst verbundenes Wissen erlangt haben und die menschliche Entwicklung aus der Perspektive einer tiefgehenden Weltbeziehung begleiten. Dieses\u00a0intensive, dreij\u00e4hrige Studium\u00a0erm\u00f6glicht\u00a0interessierten Menschen, selbstt\u00e4tig und\u2026","rel":"","context":"In &quot;Allgemein&quot;","img":{"alt_text":"","src":"https:\/\/i0.wp.com\/www.biolog.world\/wp-content\/uploads\/2018\/09\/blog.jpg?fit=1020%2C476&resize=350%2C200","width":350,"height":200},"classes":[]},{"id":3373,"url":"http:\/\/www.biolog.world\/en\/studienlehrgang-2019\/","url_meta":{"origin":4529,"position":4},"title":"Study course 2019","date":"Wednesday April 25th, 2018","format":false,"excerpt":"We are looking forward to the first module of the study course \"von allem sein\". Deeply woven into the Arctic world, students will experience connected thinking and explore the infinite realities of the cosmos. Specially created textbooks will not only document experiences, but form the unique basis of a new\u2026","rel":"","context":"In &quot;Allgemein&quot;","img":{"alt_text":"","src":"https:\/\/i0.wp.com\/www.biolog.world\/wp-content\/uploads\/2018\/04\/owl.jpg?fit=1020%2C476&resize=350%2C200","width":350,"height":200},"classes":[]},{"id":4474,"url":"http:\/\/www.biolog.world\/en\/es-gibt-keine-weg-nur-gehen\/","url_meta":{"origin":4529,"position":5},"title":"Es gibt keinen Weg. Nur gehen.","date":"Sunday November 21st, 2021","format":false,"excerpt":"Wir leben in einer Zeit gro\u00dfer Herausforderungen. Viele Menschen stehen an Grenzen, die sie kaum \u00fcberwinden k\u00f6nnen. Grenzen der Belastbarkeit, Grenzen des Verstehens, Grenzen der Zuversicht, Grenzen der Hoffnung. Andere wieder, versuchen diese Grenzen aus ihrer Wahrnehmung zu verdr\u00e4ngen um \u00fcberleben zu k\u00f6nnen. Es sind jene, welche zu Tausenden aus\u2026","rel":"","context":"In &quot;Allgemein&quot;","img":{"alt_text":"","src":"https:\/\/i0.wp.com\/www.biolog.world\/wp-content\/uploads\/2021\/11\/Z9A2629-scaled.jpg?fit=1200%2C560&resize=350%2C200","width":350,"height":200},"classes":[]}],"_links":{"self":[{"href":"http:\/\/www.biolog.world\/en\/wp-json\/wp\/v2\/posts\/4529"}],"collection":[{"href":"http:\/\/www.biolog.world\/en\/wp-json\/wp\/v2\/posts"}],"about":[{"href":"http:\/\/www.biolog.world\/en\/wp-json\/wp\/v2\/types\/post"}],"author":[{"embeddable":true,"href":"http:\/\/www.biolog.world\/en\/wp-json\/wp\/v2\/users\/1"}],"replies":[{"embeddable":true,"href":"http:\/\/www.biolog.world\/en\/wp-json\/wp\/v2\/comments?post=4529"}],"version-history":[{"count":2,"href":"http:\/\/www.biolog.world\/en\/wp-json\/wp\/v2\/posts\/4529\/revisions"}],"predecessor-version":[{"id":4532,"href":"http:\/\/www.biolog.world\/en\/wp-json\/wp\/v2\/posts\/4529\/revisions\/4532"}],"wp:featuredmedia":[{"embeddable":true,"href":"http:\/\/www.biolog.world\/en\/wp-json\/wp\/v2\/media\/4533"}],"wp:attachment":[{"href":"http:\/\/www.biolog.world\/en\/wp-json\/wp\/v2\/media?parent=4529"}],"wp:term":[{"taxonomy":"category","embeddable":true,"href":"http:\/\/www.biolog.world\/en\/wp-json\/wp\/v2\/categories?post=4529"},{"taxonomy":"post_tag","embeddable":true,"href":"http:\/\/www.biolog.world\/en\/wp-json\/wp\/v2\/tags?post=4529"}],"curies":[{"name":"wp","href":"https:\/\/api.w.org\/{rel}","templated":true}]}}