{"id":4459,"date":"2021-11-09T19:21:43","date_gmt":"2021-11-09T18:21:43","guid":{"rendered":"http:\/\/www.biolog.world\/?p=4459"},"modified":"2021-11-09T19:21:43","modified_gmt":"2021-11-09T18:21:43","slug":"das-verbindende-ueber-das-trennende-stellen","status":"publish","type":"post","link":"http:\/\/www.biolog.world\/en\/das-verbindende-ueber-das-trennende-stellen\/","title":{"rendered":"das Verbindende \u00fcber das Trennende stellen"},"content":{"rendered":"<p>&#8220;Erst wenn Gedichte und Geschichten,\u00a0das Herz wieder gerade richten,&#8230;\u00a0dann fliegt vor einem geheimen Wort,\u00a0das ganze verkehrte Wesen fort.&#8221; dichtet Konstantin Wecker in Fortf\u00fchrung der Zeilen von Novalis.<\/p>\n<p><span style=\"color: #59aee3;\">Poesie und Geschichten einer verbundenen Welt<\/span> fordern also die Poeten und allerorts ist davon die Rede, das Verbindende doch wieder \u00fcber das Trennende zu stellen. Wie also kann dies gelingen?<\/p>\n<p>Wenn wir als Erwachsene dem verbundenen Denken mehr Raum geben und es beginnen gemeinsam zu kultivieren, was w\u00fcrde dies in uns selbst bewirken? Wenn wir mittels der Poesie unserer Sprache wieder mehr Bedeutung verleihen w\u00fcrden, w\u00fcrde man es an uns merken?\u00a0W\u00e4re dies nicht auch nachhaltig f\u00fcr unsere Lehren, die wir an die j\u00fcngeren Generationen weiter geben?<\/p>\n<p>Ich bin \u00fcberzeugt, dass es eine zu gro\u00dfe Spaltung in der Gesellschaft gibt und dass es auch die Aufgabe der P\u00e4dagogik ist, dies zu \u00e4ndern. Je mehr in Kindern neben einem umfassenden Weltwissen auch F\u00e4higkeiten wie Resilienz und Selbstwirksamkeit heranwachsen und sie zu selbstst\u00e4ndigen, verbunden denkenden und handelnden Pers\u00f6nlichkeiten reifen, umso verbundener und verbindlicher wird ihr Weltbild sein.<\/p>\n<p><span style=\"color: #59aee3;\">Die Zeit ist reif!<\/span> Nehmen wir uns in einer Zeit der Ver\u00e4nderungsbeschleunigung selbst ein wenig beiseite, gew\u00e4hren wir uns Gedichte und Geschichten, welche auch unser Herz wieder gerade richten und helfen wir dadurch den Kindern, ihre Zukunft gemeinsam und verbunden zu gestalten:<\/p>\n<p>&#8220;<span style=\"color: #59aee3;\"><a style=\"color: #59aee3;\" href=\"http:\/\/www.biolog.world\/studienlehrgang\/\">von allem sein<\/a><\/span>&#8220;, der Titel des Studienlehrgangs ist bewusst gew\u00e4hlt. Gemeinsam Studieren um die pers\u00f6nliche Potentialit\u00e4t zu entfalten und Kindern ein verbindlicher Begleiter zu sein, ist das Ziel.<\/p>\n<p><span style=\"color: #59aee3;\">Novalis zum Ausklang:<\/span><\/p>\n<p>Wenn nicht mehr Zahlen und Figuren<br \/>\nsind Schl\u00fcssel aller Kreaturen<br \/>\nwenn die, so singen oder k\u00fcssen,<br \/>\nmehr als die Tiefgelehrten wissen,<br \/>\nwenn sich die Welt ins freie Leben<br \/>\nund in die Welt wird zur\u00fcckbegeben,<br \/>\nwenn dann sich wieder Licht und Schatten<br \/>\nzu echter Klarheit werden gatten<br \/>\nund man in M\u00e4rchen und Gedichten<br \/>\nerkennt die wahren Weltgeschichten,<br \/>\ndann fliegt von einem geheimen Wort<br \/>\ndas ganze verkehrte Wesen fort.<\/p>\n","protected":false},"excerpt":{"rendered":"<p>&#8220;Erst wenn Gedichte und Geschichten,\u00a0das Herz wieder gerade richten,&#8230;\u00a0dann fliegt vor einem geheimen Wort,\u00a0das ganze verkehrte Wesen fort.&#8221; dichtet Konstantin Wecker in Fortf\u00fchrung der Zeilen von Novalis. Poesie und Geschichten einer verbundenen Welt fordern also die Poeten und allerorts ist davon die Rede, das Verbindende doch wieder \u00fcber das Trennende zu stellen. Wie also kann &hellip; <a href=\"http:\/\/www.biolog.world\/en\/das-verbindende-ueber-das-trennende-stellen\/\" class=\"excerpt-link\">Read More<\/a><\/p>\n","protected":false},"author":1,"featured_media":4460,"comment_status":"closed","ping_status":"open","sticky":false,"template":"","format":"standard","meta":{"jetpack_publicize_message":"","jetpack_is_tweetstorm":false,"jetpack_publicize_feature_enabled":true},"categories":[1],"tags":[],"jetpack_publicize_connections":[],"jetpack_featured_media_url":"https:\/\/i0.wp.com\/www.biolog.world\/wp-content\/uploads\/2021\/11\/blog.jpg?fit=1020%2C476","jetpack_sharing_enabled":true,"jetpack_shortlink":"https:\/\/wp.me\/p7OThW-19V","jetpack-related-posts":[{"id":4529,"url":"http:\/\/www.biolog.world\/en\/zukunft-beginnt\/","url_meta":{"origin":4459,"position":0},"title":"Zukunft beginnt","date":"Tuesday August 30th, 2022","format":false,"excerpt":"\"Zukunft beginnt, wenn Kinder werden, was wir noch nicht sein k\u00f6nnen\" Wie also wollen wir leben, erziehen und bilden, damit unseren Kindern wieder eine Zukunft zu Teil wird und nicht blo\u00df ein unbekannter Teil der Vergangenheit. Es liegt an uns Erwachsenen. Wir m\u00fcssen uns jene Haltungen und jenes Weltwissen aneignen,\u2026","rel":"","context":"In &quot;Allgemein&quot;","img":{"alt_text":"","src":"https:\/\/i0.wp.com\/www.biolog.world\/wp-content\/uploads\/2022\/08\/vonallemsein.jpg?fit=1020%2C476&resize=350%2C200","width":350,"height":200},"classes":[]},{"id":4010,"url":"http:\/\/www.biolog.world\/en\/veraenderliches-leben\/","url_meta":{"origin":4459,"position":1},"title":"Ver\u00e4nderliches Leben","date":"Tuesday June  4th, 2019","format":false,"excerpt":"Wenn sich die Mitternachtssonne in sattem Orange \u00fcber die nordische K\u00fcstenlandschaft, das gebirgige Fjell und die boreale Welt der sibirischen Taiga legt, erstrahlt sie nahe dem Horizont aus dem Norden und hat im Laufe ihres Tages die arktische Lebenswelt von allen Seiten beleuchtet. Mit dem sommerlichen Lauf der Sonne jenseits\u2026","rel":"","context":"In &quot;Allgemein&quot;","img":{"alt_text":"","src":"https:\/\/i0.wp.com\/www.biolog.world\/wp-content\/uploads\/2018\/09\/blog.jpg?fit=1020%2C476&resize=350%2C200","width":350,"height":200},"classes":[]},{"id":4247,"url":"http:\/\/www.biolog.world\/en\/studieren-im-arktischen-lappland\/","url_meta":{"origin":4459,"position":2},"title":"Study in Arctic Lapland","date":"Saturday September 23rd, 2023","format":false,"excerpt":"It's starting again! A new study programme \u201cvon allem sein\u201d has been announced and a few places are still available. Three years full of special experiences await the participants of this unique worldwide course. Intensive study weeks in Lapland, excursions and internships accompanied by scientists, a wide range of scripts\u2026","rel":"","context":"In &quot;Allgemein&quot;","img":{"alt_text":"","src":"https:\/\/i0.wp.com\/www.biolog.world\/wp-content\/uploads\/2020\/01\/Z9A7964.jpg?fit=1200%2C560&resize=350%2C200","width":350,"height":200},"classes":[]},{"id":4315,"url":"http:\/\/www.biolog.world\/en\/ergriffenheit\/","url_meta":{"origin":4459,"position":3},"title":"Comprehension","date":"Saturday June  5th, 2021","format":false,"excerpt":"\"Emotion precedes comprehension\" writes Byung-Chul Han in his current book: \"Undinge. Umbr\u00fcche der Lebenswelt\"How are today's children supposed to grasp the world when too many adults around them renounce feeling, being moved? A society in which people become more and more alienated from each other and give up their sense\u2026","rel":"","context":"In &quot;Allgemein&quot;","img":{"alt_text":"","src":"https:\/\/i0.wp.com\/www.biolog.world\/wp-content\/uploads\/2021\/06\/Z9A1733-scaled-e1630318805652.jpg?fit=1058%2C476&resize=350%2C200","width":350,"height":200},"classes":[]},{"id":4041,"url":"http:\/\/www.biolog.world\/en\/es-passiert-nichts\/","url_meta":{"origin":4459,"position":4},"title":"es passiert nichts","date":"Sunday September 15th, 2019","format":false,"excerpt":"Es passiert nichts. Im immer noch vorherrschenden Weltbild des 19. Jahrhunderts pr\u00e4gt das Unverbundene stets die Modulation des Geschehens. Das kleine W\u00f6rtchen \"es\" dr\u00fcckt eine Ebene, eine Instanz aus, die einem, seit dem Beginn des 20. Jahrhunderts g\u00fcltigen, Weltbild vollkommen widerspricht. Folgt man dem Weltbild der holistischen Physik, wie Hans\u2026","rel":"","context":"In &quot;Allgemein&quot;","img":{"alt_text":"","src":"https:\/\/i0.wp.com\/www.biolog.world\/wp-content\/uploads\/2019\/09\/blog.jpg?fit=1020%2C476&resize=350%2C200","width":350,"height":200},"classes":[]},{"id":3931,"url":"http:\/\/www.biolog.world\/en\/verbundenheit\/","url_meta":{"origin":4459,"position":5},"title":"Verbundenheit","date":"Thursday January  3rd, 2019","format":false,"excerpt":"\"Es ist an der Zeit, unserem Leben wieder die Lebendigkeit zur\u00fcckzugeben, die diesem zueigen ist. Das hei\u00dft auch, dass wir die geistige Dimension unserer Existenz wieder erkennen m\u00fcssen, die wir verdr\u00e4ngt haben, denn deren Verlust in der modernen Welt wiegt schwer.\" So schreibt Hans Peter D\u00fcrr im Buch \"Verbundenheit\" und\u2026","rel":"","context":"In &quot;Allgemein&quot;","img":{"alt_text":"","src":"https:\/\/i0.wp.com\/www.biolog.world\/wp-content\/uploads\/2019\/01\/pasvik.jpg?fit=1020%2C476&resize=350%2C200","width":350,"height":200},"classes":[]}],"_links":{"self":[{"href":"http:\/\/www.biolog.world\/en\/wp-json\/wp\/v2\/posts\/4459"}],"collection":[{"href":"http:\/\/www.biolog.world\/en\/wp-json\/wp\/v2\/posts"}],"about":[{"href":"http:\/\/www.biolog.world\/en\/wp-json\/wp\/v2\/types\/post"}],"author":[{"embeddable":true,"href":"http:\/\/www.biolog.world\/en\/wp-json\/wp\/v2\/users\/1"}],"replies":[{"embeddable":true,"href":"http:\/\/www.biolog.world\/en\/wp-json\/wp\/v2\/comments?post=4459"}],"version-history":[{"count":2,"href":"http:\/\/www.biolog.world\/en\/wp-json\/wp\/v2\/posts\/4459\/revisions"}],"predecessor-version":[{"id":4462,"href":"http:\/\/www.biolog.world\/en\/wp-json\/wp\/v2\/posts\/4459\/revisions\/4462"}],"wp:featuredmedia":[{"embeddable":true,"href":"http:\/\/www.biolog.world\/en\/wp-json\/wp\/v2\/media\/4460"}],"wp:attachment":[{"href":"http:\/\/www.biolog.world\/en\/wp-json\/wp\/v2\/media?parent=4459"}],"wp:term":[{"taxonomy":"category","embeddable":true,"href":"http:\/\/www.biolog.world\/en\/wp-json\/wp\/v2\/categories?post=4459"},{"taxonomy":"post_tag","embeddable":true,"href":"http:\/\/www.biolog.world\/en\/wp-json\/wp\/v2\/tags?post=4459"}],"curies":[{"name":"wp","href":"https:\/\/api.w.org\/{rel}","templated":true}]}}