{"id":4204,"date":"2020-08-07T10:16:02","date_gmt":"2020-08-07T08:16:02","guid":{"rendered":"http:\/\/www.biolog.world\/?p=4204"},"modified":"2021-04-28T12:38:30","modified_gmt":"2021-04-28T10:38:30","slug":"zuneigung","status":"publish","type":"post","link":"http:\/\/www.biolog.world\/en\/zuneigung\/","title":{"rendered":"Zuneigung"},"content":{"rendered":"\n<p style=\"margin: 0px; font-size: 12px; line-height: normal; font-family: 'Helvetica Neue LT'; color: #2e2e2e;\"><span style=\"font-family: helvetica, arial, sans-serif; font-size: 14px; color: #333333;\"><em>\u201ewo Aneignung war soll Zuneigung werden&#8221;, <\/em>dieses Zitat stammt von der K\u00fcnstlerin Isabelle Graw und ist auch jenseits der Kunst wunderbar g\u00fcltig!<\/span><\/p>\n<p style=\"margin: 0px; font-size: 12px; line-height: normal; font-family: 'Helvetica Neue LT'; color: #2e2e2e;\"><span style=\"font-family: helvetica, arial, sans-serif; font-size: 14px; color: #333333;\"><br \/>Wir kommen auf die Welt und sind vorbereitet auf einen freundlichen Empfang. Wir wollen uns der Welt aus vollem Herzen hingeben und zuwenden, um an all dem, was uns umgibt, zu dem zu werden, was wir sind.<br \/><br \/>Dies braucht die F\u00e4higkeit zu lieben und den Mut, jeden Tag \u00fcber sich hinaus zu wachsen. Zuneigung.<br \/><br \/>Aneignung ist jedoch die vorherrschende Disziplin der heutigen Zeit, wenn vom Lernen die Rede ist. Auch sprechen wir dann von Lehrenden, die den Kindern etwas beibringen.<br \/><br \/>Es fehlt die Zuneigung, das &#8220;sich in die Welt verlieben&#8221;.<br \/><br \/>Wenn Zuneigung gelingt, wird aus den Kindern nicht &#8220;etwas&#8221; werden. Sie werden geworden sein was sie sind und damit eine Zukunft erm\u00f6glichen, die nicht blo\u00df eine unbekannte Vergangenheit ist.<br \/><br \/>Deshalb braucht es Pers\u00f6nlichkeiten, die &#8220;von allem sind&#8221;, an denen Kinder werden k\u00f6nnen. Heute mehr denn je zuvor.<br \/><br \/><\/span><\/p>\n<p style=\"margin: 0px; font-size: 12px; line-height: normal; font-family: 'Helvetica Neue LT'; color: #262626;\"><span style=\"font-family: helvetica, arial, sans-serif; font-size: 14px; color: #333333;\"><a style=\"color: #333333;\" title=\"Bildung im Lebendigen\" href=\"http:\/\/www.biolog.world\/studienlehrgang\/\" target=\"_blank\" rel=\"noopener noreferrer\">\u201evon allem sein\u201c<\/a><span style=\"font-family: helvetica, arial, sans-serif;\"><span style=\"font-size: 14px;\">, der dreij\u00e4hrige Studienlehrgang ist ein gelungener Entwurf, welcher 2021 bereits zum dritten Mal stattfindet.<br \/><\/span><\/span><br \/><span style=\"font-family: helvetica, arial, sans-serif;\"><span style=\"font-size: 14px;\">Die einzigartigen Details der Ausbildung zeigen den unbedingten Willen, sich vom Herk\u00f6mmlichen nicht in ein Anderes, sondern in ein g\u00e4nzlich Neues zu verabschieden. Dies fordert uns heraus, bedr\u00e4ngt uns und l\u00e4sst ein Begehren entstehen &#8211; ein Anfang.<br \/><br \/>Ist es nicht an der Zeit?<br \/><\/span><\/span><\/span><\/p>\n","protected":false},"excerpt":{"rendered":"<p>\u201ewo Aneignung war soll Zuneigung werden&#8221;, dieses Zitat stammt von der K\u00fcnstlerin Isabelle Graw und ist auch jenseits der Kunst wunderbar g\u00fcltig! Wir kommen auf die Welt und sind vorbereitet auf einen freundlichen Empfang. Wir wollen uns der Welt aus vollem Herzen hingeben und zuwenden, um an all dem, was uns umgibt, zu dem zu &hellip; <a href=\"http:\/\/www.biolog.world\/en\/zuneigung\/\" class=\"excerpt-link\">Read More<\/a><\/p>\n","protected":false},"author":1,"featured_media":4213,"comment_status":"closed","ping_status":"closed","sticky":false,"template":"","format":"standard","meta":{"jetpack_publicize_message":"","jetpack_is_tweetstorm":false,"jetpack_publicize_feature_enabled":true},"categories":[1],"tags":[],"jetpack_publicize_connections":[],"jetpack_featured_media_url":"https:\/\/i0.wp.com\/www.biolog.world\/wp-content\/uploads\/2020\/02\/fly-e1630318613887.jpg?fit=1020%2C476","jetpack_sharing_enabled":true,"jetpack_shortlink":"https:\/\/wp.me\/p7OThW-15O","jetpack-related-posts":[{"id":4315,"url":"http:\/\/www.biolog.world\/en\/ergriffenheit\/","url_meta":{"origin":4204,"position":0},"title":"Comprehension","date":"Saturday June  5th, 2021","format":false,"excerpt":"\"Emotion precedes comprehension\" writes Byung-Chul Han in his current book: \"Undinge. Umbr\u00fcche der Lebenswelt\"How are today's children supposed to grasp the world when too many adults around them renounce feeling, being moved? A society in which people become more and more alienated from each other and give up their sense\u2026","rel":"","context":"In &quot;Allgemein&quot;","img":{"alt_text":"","src":"https:\/\/i0.wp.com\/www.biolog.world\/wp-content\/uploads\/2021\/06\/Z9A1733-scaled-e1630318805652.jpg?fit=1058%2C476&resize=350%2C200","width":350,"height":200},"classes":[]},{"id":4392,"url":"http:\/\/www.biolog.world\/en\/wie-waere-es-gebildet-zu-sein\/","url_meta":{"origin":4204,"position":1},"title":"What would it be like to be educated?","date":"Monday August 30th, 2021","format":false,"excerpt":"Designing a three-year study course \"von allem sein\" is a major undertaking, especially when it is not just about putting together content for an educational programme, but rather serving the self-education process and the desire to find out what holds the world together at its core. When we educate ourselves,\u2026","rel":"","context":"In &quot;Allgemein&quot;","img":{"alt_text":"","src":"https:\/\/i0.wp.com\/www.biolog.world\/wp-content\/uploads\/2021\/08\/R5A1553-2.jpg?fit=1020%2C476&resize=350%2C200","width":350,"height":200},"classes":[]},{"id":3373,"url":"http:\/\/www.biolog.world\/en\/studienlehrgang-2019\/","url_meta":{"origin":4204,"position":2},"title":"Study course 2019","date":"Wednesday April 25th, 2018","format":false,"excerpt":"We are looking forward to the first module of the study course \"von allem sein\". Deeply woven into the Arctic world, students will experience connected thinking and explore the infinite realities of the cosmos. Specially created textbooks will not only document experiences, but form the unique basis of a new\u2026","rel":"","context":"In &quot;Allgemein&quot;","img":{"alt_text":"","src":"https:\/\/i0.wp.com\/www.biolog.world\/wp-content\/uploads\/2018\/04\/owl.jpg?fit=1020%2C476&resize=350%2C200","width":350,"height":200},"classes":[]},{"id":4163,"url":"http:\/\/www.biolog.world\/en\/resonanzpaedagogik\/","url_meta":{"origin":4204,"position":3},"title":"Resonanzp\u00e4dagogik","date":"Sunday February 23rd, 2020","format":false,"excerpt":"\u201eDas zentrale Bestreben der Moderne in allen Lebensbereichen und Gesellschaftssph\u00e4ren gilt dem Dingfest- und Verf\u00fcgbarmachen der Welt. Die Weltdinge und Prozesse sollen \u00f6konomisch und technisch verf\u00fcgbar, wissenschaftlich erkennbar und beherrschbar, rechtlich berechenbar und politisch steuerbar und f\u00fcr die Subjekte zugleich alltagspraktisch kontrollierbar und erfahrbar gemacht werden. Das Handeln der Moderne\u2026","rel":"","context":"In &quot;Allgemein&quot;","img":{"alt_text":"","src":"https:\/\/i0.wp.com\/www.biolog.world\/wp-content\/uploads\/2020\/02\/1_Z9A2629.jpg?fit=1020%2C476&resize=350%2C200","width":350,"height":200},"classes":[]},{"id":4041,"url":"http:\/\/www.biolog.world\/en\/es-passiert-nichts\/","url_meta":{"origin":4204,"position":4},"title":"es passiert nichts","date":"Sunday September 15th, 2019","format":false,"excerpt":"Es passiert nichts. Im immer noch vorherrschenden Weltbild des 19. Jahrhunderts pr\u00e4gt das Unverbundene stets die Modulation des Geschehens. Das kleine W\u00f6rtchen \"es\" dr\u00fcckt eine Ebene, eine Instanz aus, die einem, seit dem Beginn des 20. Jahrhunderts g\u00fcltigen, Weltbild vollkommen widerspricht. Folgt man dem Weltbild der holistischen Physik, wie Hans\u2026","rel":"","context":"In &quot;Allgemein&quot;","img":{"alt_text":"","src":"https:\/\/i0.wp.com\/www.biolog.world\/wp-content\/uploads\/2019\/09\/blog.jpg?fit=1020%2C476&resize=350%2C200","width":350,"height":200},"classes":[]},{"id":4474,"url":"http:\/\/www.biolog.world\/en\/es-gibt-keine-weg-nur-gehen\/","url_meta":{"origin":4204,"position":5},"title":"Es gibt keinen Weg. Nur gehen.","date":"Sunday November 21st, 2021","format":false,"excerpt":"Wir leben in einer Zeit gro\u00dfer Herausforderungen. Viele Menschen stehen an Grenzen, die sie kaum \u00fcberwinden k\u00f6nnen. Grenzen der Belastbarkeit, Grenzen des Verstehens, Grenzen der Zuversicht, Grenzen der Hoffnung. Andere wieder, versuchen diese Grenzen aus ihrer Wahrnehmung zu verdr\u00e4ngen um \u00fcberleben zu k\u00f6nnen. Es sind jene, welche zu Tausenden aus\u2026","rel":"","context":"In &quot;Allgemein&quot;","img":{"alt_text":"","src":"https:\/\/i0.wp.com\/www.biolog.world\/wp-content\/uploads\/2021\/11\/Z9A2629-scaled.jpg?fit=1200%2C560&resize=350%2C200","width":350,"height":200},"classes":[]}],"_links":{"self":[{"href":"http:\/\/www.biolog.world\/en\/wp-json\/wp\/v2\/posts\/4204"}],"collection":[{"href":"http:\/\/www.biolog.world\/en\/wp-json\/wp\/v2\/posts"}],"about":[{"href":"http:\/\/www.biolog.world\/en\/wp-json\/wp\/v2\/types\/post"}],"author":[{"embeddable":true,"href":"http:\/\/www.biolog.world\/en\/wp-json\/wp\/v2\/users\/1"}],"replies":[{"embeddable":true,"href":"http:\/\/www.biolog.world\/en\/wp-json\/wp\/v2\/comments?post=4204"}],"version-history":[{"count":2,"href":"http:\/\/www.biolog.world\/en\/wp-json\/wp\/v2\/posts\/4204\/revisions"}],"predecessor-version":[{"id":4206,"href":"http:\/\/www.biolog.world\/en\/wp-json\/wp\/v2\/posts\/4204\/revisions\/4206"}],"wp:featuredmedia":[{"embeddable":true,"href":"http:\/\/www.biolog.world\/en\/wp-json\/wp\/v2\/media\/4213"}],"wp:attachment":[{"href":"http:\/\/www.biolog.world\/en\/wp-json\/wp\/v2\/media?parent=4204"}],"wp:term":[{"taxonomy":"category","embeddable":true,"href":"http:\/\/www.biolog.world\/en\/wp-json\/wp\/v2\/categories?post=4204"},{"taxonomy":"post_tag","embeddable":true,"href":"http:\/\/www.biolog.world\/en\/wp-json\/wp\/v2\/tags?post=4204"}],"curies":[{"name":"wp","href":"https:\/\/api.w.org\/{rel}","templated":true}]}}