{"id":4041,"date":"2019-09-15T12:10:02","date_gmt":"2019-09-15T10:10:02","guid":{"rendered":"http:\/\/www.biolog.world\/?p=4041"},"modified":"2019-09-15T16:24:03","modified_gmt":"2019-09-15T14:24:03","slug":"es-passiert-nichts","status":"publish","type":"post","link":"http:\/\/www.biolog.world\/en\/es-passiert-nichts\/","title":{"rendered":"es passiert nichts"},"content":{"rendered":"\n<p>Es passiert nichts.<\/p>\n<p>Im immer noch vorherrschenden Weltbild des 19. Jahrhunderts pr\u00e4gt das Unverbundene stets die Modulation des Geschehens. Das kleine W\u00f6rtchen &#8220;es&#8221; dr\u00fcckt eine Ebene, eine Instanz aus, die einem, seit dem Beginn des 20. Jahrhunderts g\u00fcltigen, Weltbild vollkommen widerspricht.<\/p>\n<p>Folgt man dem Weltbild der holistischen Physik, wie Hans Peter D\u00fcrr sie nennt, existiert die Trennung, welche diese alte Haltung zwischen Macht und Ohnmacht evoziert, nicht. Wir sind nur vermeintlich getrennt vom Ganzen und nur aus dieser Spaltung heraus etabliert sich scheinbar eine Ebene, die, ohne unser Zutun, auf uns wirkt.<br \/><br \/>Unser Weltbild ist gepr\u00e4gt durch die Bildung, die uns zuteil geworden ist. Eine Heranf\u00fchrung an ein Leben in Verbundenheit, welches einen unendlichen Strom an Gestaltungsm\u00f6glichkeiten in sich birgt, beginnt mit der Bildung unserer Kinder.<\/p>\n<p>Weder die Politik noch die etablierten Systeme werden hier hilfreich sein. Wahre Ver\u00e4nderung in einer Gesellschaft kann nur von den teilhabenden Menschen selbst ausgehen. Mit der pers\u00f6nlichen Hinwendung zu einer Selbstbildung welche die Verbundenheit als Ziel hat, findet auch die Geschichte des Miteinander einen neuen Anfang.<\/p>\n<p>Nicht l\u00e4nger bestimmt die Herkunft \u00fcber die Zukunft, sondern durch das Enkulturieren von Bildung und einer neuen Lernkultur in der Gesellschaft, wird eine gemeinsame Zukunft gestaltbar.<\/p>\n<p>Dann passiert uns nichts mehr, sondern wir passieren!<br \/><br \/>Die gro\u00dfen Herausforderungen unsere Zeit wie der Klimawandel, die Digitalisierung und eine friedliche Koexistenz aller Menschen, k\u00f6nnen nur in Verbundenheit gel\u00f6st werden. Ein Kultivieren einer neuen, gemeinsamen Lebenswirklichkeit, die auch gr\u00f6\u00dfte Ver\u00e4nderungen als Potentialit\u00e4t und nicht als Gefahr begreift, ist unabdingbar.\u00a0<\/p>\n<p>Mit dem Studienlehrgang &#8220;<a href=\"http:\/\/www.biolog.world\/studienlehrgang\/\">von allem sein<\/a>&#8221; und den Aktivit\u00e4ten rund um unsere <a href=\"http:\/\/www.dorfschule-montessorihaus.org\">Dorfschule Montessorihaus<\/a>\u00a0und unseren <a href=\"http:\/\/www.spielraeume.org\">Verein Spielr\u00e4ume<\/a>, setzten wir ein starkes und nachhaltiges Zeichen f\u00fcr eine Welt von Morgen, die von Verbundenheit und einem neuen Miteinander gepr\u00e4gt ist.<\/p>\n<p>\u00a0<\/p>\n","protected":false},"excerpt":{"rendered":"<p>Es passiert nichts. Im immer noch vorherrschenden Weltbild des 19. Jahrhunderts pr\u00e4gt das Unverbundene stets die Modulation des Geschehens. Das kleine W\u00f6rtchen &#8220;es&#8221; dr\u00fcckt eine Ebene, eine Instanz aus, die einem, seit dem Beginn des 20. Jahrhunderts g\u00fcltigen, Weltbild vollkommen widerspricht. Folgt man dem Weltbild der holistischen Physik, wie Hans Peter D\u00fcrr sie nennt, existiert &hellip; <a href=\"http:\/\/www.biolog.world\/en\/es-passiert-nichts\/\" class=\"excerpt-link\">Read More<\/a><\/p>\n","protected":false},"author":1,"featured_media":4042,"comment_status":"closed","ping_status":"closed","sticky":false,"template":"","format":"standard","meta":{"jetpack_publicize_message":"","jetpack_is_tweetstorm":false,"jetpack_publicize_feature_enabled":true},"categories":[1],"tags":[],"jetpack_publicize_connections":[],"jetpack_featured_media_url":"https:\/\/i0.wp.com\/www.biolog.world\/wp-content\/uploads\/2019\/09\/blog.jpg?fit=1020%2C476","jetpack_sharing_enabled":true,"jetpack_shortlink":"https:\/\/wp.me\/p7OThW-13b","jetpack-related-posts":[{"id":3931,"url":"http:\/\/www.biolog.world\/en\/verbundenheit\/","url_meta":{"origin":4041,"position":0},"title":"Verbundenheit","date":"Thursday January  3rd, 2019","format":false,"excerpt":"\"Es ist an der Zeit, unserem Leben wieder die Lebendigkeit zur\u00fcckzugeben, die diesem zueigen ist. Das hei\u00dft auch, dass wir die geistige Dimension unserer Existenz wieder erkennen m\u00fcssen, die wir verdr\u00e4ngt haben, denn deren Verlust in der modernen Welt wiegt schwer.\" So schreibt Hans Peter D\u00fcrr im Buch \"Verbundenheit\" und\u2026","rel":"","context":"In &quot;Allgemein&quot;","img":{"alt_text":"","src":"https:\/\/i0.wp.com\/www.biolog.world\/wp-content\/uploads\/2019\/01\/pasvik.jpg?fit=1020%2C476&resize=350%2C200","width":350,"height":200},"classes":[]},{"id":4474,"url":"http:\/\/www.biolog.world\/en\/es-gibt-keine-weg-nur-gehen\/","url_meta":{"origin":4041,"position":1},"title":"Es gibt keinen Weg. Nur gehen.","date":"Sunday November 21st, 2021","format":false,"excerpt":"Wir leben in einer Zeit gro\u00dfer Herausforderungen. Viele Menschen stehen an Grenzen, die sie kaum \u00fcberwinden k\u00f6nnen. Grenzen der Belastbarkeit, Grenzen des Verstehens, Grenzen der Zuversicht, Grenzen der Hoffnung. Andere wieder, versuchen diese Grenzen aus ihrer Wahrnehmung zu verdr\u00e4ngen um \u00fcberleben zu k\u00f6nnen. Es sind jene, welche zu Tausenden aus\u2026","rel":"","context":"In &quot;Allgemein&quot;","img":{"alt_text":"","src":"https:\/\/i0.wp.com\/www.biolog.world\/wp-content\/uploads\/2021\/11\/Z9A2629-scaled.jpg?fit=1200%2C560&resize=350%2C200","width":350,"height":200},"classes":[]},{"id":4129,"url":"http:\/\/www.biolog.world\/en\/das-gefuehl-der-wunder\/","url_meta":{"origin":4041,"position":2},"title":"das Gef\u00fchl der Wunder","date":"Monday December 30th, 2019","format":false,"excerpt":"\u201eHumboldt wurde angetrieben von einem Gef\u00fchl der Wunder \u2013 ein Gef\u00fchl, das uns heute helfen k\u00f6nnte zu begreifen, dass wir nur sch\u00fctzen werden, was wir lieben.\u201c schreibt Andrea Wulf in \u201eAlexander von Humboldt und die Erfindung der Natur\u201c Der Universalgelehrte Alexander von Humboldt hat in seinem Werk aufgezeigt, was seit\u2026","rel":"","context":"In &quot;Allgemein&quot;","img":{"alt_text":"","src":"https:\/\/i0.wp.com\/www.biolog.world\/wp-content\/uploads\/2020\/01\/Z9A7964.jpg?fit=1200%2C560&resize=350%2C200","width":350,"height":200},"classes":[]},{"id":4459,"url":"http:\/\/www.biolog.world\/en\/das-verbindende-ueber-das-trennende-stellen\/","url_meta":{"origin":4041,"position":3},"title":"das Verbindende \u00fcber das Trennende stellen","date":"Tuesday November  9th, 2021","format":false,"excerpt":"\"Erst wenn Gedichte und Geschichten,\u00a0das Herz wieder gerade richten,...\u00a0dann fliegt vor einem geheimen Wort,\u00a0das ganze verkehrte Wesen fort.\" dichtet Konstantin Wecker in Fortf\u00fchrung der Zeilen von Novalis. Poesie und Geschichten einer verbundenen Welt fordern also die Poeten und allerorts ist davon die Rede, das Verbindende doch wieder \u00fcber das Trennende\u2026","rel":"","context":"In &quot;Allgemein&quot;","img":{"alt_text":"","src":"https:\/\/i0.wp.com\/www.biolog.world\/wp-content\/uploads\/2021\/11\/blog.jpg?fit=1020%2C476&resize=350%2C200","width":350,"height":200},"classes":[]},{"id":3864,"url":"http:\/\/www.biolog.world\/en\/bildung-ist-lebensform\/","url_meta":{"origin":4041,"position":4},"title":"Bildung ist Lebensform","date":"Wednesday November  7th, 2018","format":false,"excerpt":"\u201eBildung ist Lebensform; diese hat zu ihrem R\u00fcckgrat Disziplin als Denkenk\u00f6nnen und zu ihrem Raum geordnetes Wissen. Anschauung von Gestalten des Gewesenen, Erkenntnis als zwingend g\u00fcltige Einsichten, Kenntnis von Sachen und Zuhausesein in Sprachen sind ihr Stoff.\u201c\u00a0 (Karl Jaspers-Die geistige Situation der Zeit) Die Bl\u00fcte dieser Lebensform ist der\u00a0Mensch, der\u2026","rel":"","context":"In &quot;Allgemein&quot;","img":{"alt_text":"","src":"https:\/\/i0.wp.com\/www.biolog.world\/wp-content\/uploads\/2018\/11\/still.jpg?fit=1020%2C476&resize=350%2C200","width":350,"height":200},"classes":[]},{"id":4163,"url":"http:\/\/www.biolog.world\/en\/resonanzpaedagogik\/","url_meta":{"origin":4041,"position":5},"title":"Resonanzp\u00e4dagogik","date":"Sunday February 23rd, 2020","format":false,"excerpt":"\u201eDas zentrale Bestreben der Moderne in allen Lebensbereichen und Gesellschaftssph\u00e4ren gilt dem Dingfest- und Verf\u00fcgbarmachen der Welt. Die Weltdinge und Prozesse sollen \u00f6konomisch und technisch verf\u00fcgbar, wissenschaftlich erkennbar und beherrschbar, rechtlich berechenbar und politisch steuerbar und f\u00fcr die Subjekte zugleich alltagspraktisch kontrollierbar und erfahrbar gemacht werden. Das Handeln der Moderne\u2026","rel":"","context":"In &quot;Allgemein&quot;","img":{"alt_text":"","src":"https:\/\/i0.wp.com\/www.biolog.world\/wp-content\/uploads\/2020\/02\/1_Z9A2629.jpg?fit=1020%2C476&resize=350%2C200","width":350,"height":200},"classes":[]}],"_links":{"self":[{"href":"http:\/\/www.biolog.world\/en\/wp-json\/wp\/v2\/posts\/4041"}],"collection":[{"href":"http:\/\/www.biolog.world\/en\/wp-json\/wp\/v2\/posts"}],"about":[{"href":"http:\/\/www.biolog.world\/en\/wp-json\/wp\/v2\/types\/post"}],"author":[{"embeddable":true,"href":"http:\/\/www.biolog.world\/en\/wp-json\/wp\/v2\/users\/1"}],"replies":[{"embeddable":true,"href":"http:\/\/www.biolog.world\/en\/wp-json\/wp\/v2\/comments?post=4041"}],"version-history":[{"count":6,"href":"http:\/\/www.biolog.world\/en\/wp-json\/wp\/v2\/posts\/4041\/revisions"}],"predecessor-version":[{"id":4053,"href":"http:\/\/www.biolog.world\/en\/wp-json\/wp\/v2\/posts\/4041\/revisions\/4053"}],"wp:featuredmedia":[{"embeddable":true,"href":"http:\/\/www.biolog.world\/en\/wp-json\/wp\/v2\/media\/4042"}],"wp:attachment":[{"href":"http:\/\/www.biolog.world\/en\/wp-json\/wp\/v2\/media?parent=4041"}],"wp:term":[{"taxonomy":"category","embeddable":true,"href":"http:\/\/www.biolog.world\/en\/wp-json\/wp\/v2\/categories?post=4041"},{"taxonomy":"post_tag","embeddable":true,"href":"http:\/\/www.biolog.world\/en\/wp-json\/wp\/v2\/tags?post=4041"}],"curies":[{"name":"wp","href":"https:\/\/api.w.org\/{rel}","templated":true}]}}