{"id":4010,"date":"2019-06-04T08:58:21","date_gmt":"2019-06-04T06:58:21","guid":{"rendered":"http:\/\/www.biolog.world\/?p=4010"},"modified":"2019-06-04T13:44:38","modified_gmt":"2019-06-04T11:44:38","slug":"veraenderliches-leben","status":"publish","type":"post","link":"http:\/\/www.biolog.world\/en\/veraenderliches-leben\/","title":{"rendered":"Ver\u00e4nderliches Leben"},"content":{"rendered":"\n<p>Wenn sich die Mitternachtssonne in sattem Orange \u00fcber die nordische K\u00fcstenlandschaft, das gebirgige Fjell und die boreale Welt der sibirischen Taiga legt, erstrahlt sie nahe dem Horizont aus dem Norden und hat im Laufe ihres Tages die arktische Lebenswelt von allen Seiten beleuchtet.<\/p>\n<p>Mit dem sommerlichen Lauf der Sonne jenseits des 66. Breitengrades verliert sich alle Landschaft und alles Leben in Raum und Zeit. Licht und Schatten streifen ohne Anfang und ohne Ende \u00fcber die Konturen der arktischen Gefilde.<\/p>\n<p>Im Tagesverlauf kommt alles einmal ans Licht &#8211; ein idealer Ort f\u00fcr neue Erkenntnisse und Einsichten. Wenn sich die Grenzen zwischen Tag und Nacht aufl\u00f6sen, ist zu erahnen, was jenseits einer Welt liegt, welche sich ersch\u00f6pft hat im Urteilen und dem damit einhergehenden Entfremden.<\/p>\n<p>Verbundenheit mit sich und der Welt muss das Paradigma der kommenden Zeit sein.<\/p>\n<p>Was passiert, wenn wir uns nicht ver\u00e4ndern, hat Friedrich D\u00fcrrenmatt treffend konstatiert: \u201eDie Welt ver\u00e4ndert sich durch den Menschen, aber der Mensch ver\u00e4ndert sich nicht und f\u00e4llt der durch ihn ver\u00e4nderten Welt zum Opfer\u201c.<br \/><br \/><a href=\"http:\/\/www.biolog.world\/studienlehrgang\/\">\u201evon allem sein\u201c<\/a>, der einzigartige Studienlehrgang, \u00f6ffnet f\u00fcr die Teilnehmenden das Tor zu dem notwendigen Paradigmenwechsel und einem Leben in Verbundenheit.<br \/><br \/><em>Die Poesie des Reisens liegt im organischen Angliedern von Neuerworbenem, im Zunehmen unseres Verst\u00e4ndnisses f\u00fcr die Einheit im Vielf\u00e4ltigen, im Wiederfinden von alten Wahrheiten und Gesetzen unter ganz neuen Verh\u00e4ltnissen. \u00a0(Hermann Hesse)\u00a0<\/em><br \/><br \/><\/p>\n","protected":false},"excerpt":{"rendered":"<p>Wenn sich die Mitternachtssonne in sattem Orange \u00fcber die nordische K\u00fcstenlandschaft, das gebirgige Fjell und die boreale Welt der sibirischen Taiga legt, erstrahlt sie nahe dem Horizont aus dem Norden und hat im Laufe ihres Tages die arktische Lebenswelt von allen Seiten beleuchtet. Mit dem sommerlichen Lauf der Sonne jenseits des 66. Breitengrades verliert sich &hellip; <a href=\"http:\/\/www.biolog.world\/en\/veraenderliches-leben\/\" class=\"excerpt-link\">Read More<\/a><\/p>\n","protected":false},"author":1,"featured_media":3764,"comment_status":"closed","ping_status":"closed","sticky":false,"template":"","format":"standard","meta":{"jetpack_publicize_message":"","jetpack_is_tweetstorm":false,"jetpack_publicize_feature_enabled":true},"categories":[1],"tags":[],"jetpack_publicize_connections":[],"jetpack_featured_media_url":"https:\/\/i0.wp.com\/www.biolog.world\/wp-content\/uploads\/2018\/09\/blog.jpg?fit=1020%2C476","jetpack_sharing_enabled":true,"jetpack_shortlink":"https:\/\/wp.me\/p7OThW-12G","jetpack-related-posts":[{"id":3595,"url":"http:\/\/www.biolog.world\/en\/sonne-aus-dem-norden\/","url_meta":{"origin":4010,"position":0},"title":"Sonne aus dem Norden","date":"Wednesday July  4th, 2018","format":false,"excerpt":"Sorry, this entry is only available in German. For the sake of viewer convenience, the content is shown below in the alternative language. You may click the link to switch the active language.Die Sonne erstrahlt rund um die Sommersonnenwende in arktischen Gebieten kurz nach Mitternacht aus n\u00f6rdlicher Richtung. Wenn dann\u2026","rel":"","context":"In &quot;Allgemein&quot;","img":{"alt_text":"","src":"https:\/\/i0.wp.com\/www.biolog.world\/wp-content\/uploads\/2018\/07\/loom.jpg?fit=1020%2C476&resize=350%2C200","width":350,"height":200},"classes":[]},{"id":4247,"url":"http:\/\/www.biolog.world\/en\/studieren-im-arktischen-lappland\/","url_meta":{"origin":4010,"position":1},"title":"Study in Arctic Lapland","date":"Saturday September 23rd, 2023","format":false,"excerpt":"It's starting again! A new study programme \u201cvon allem sein\u201d has been announced and a few places are still available. Three years full of special experiences await the participants of this unique worldwide course. Intensive study weeks in Lapland, excursions and internships accompanied by scientists, a wide range of scripts\u2026","rel":"","context":"In &quot;Allgemein&quot;","img":{"alt_text":"","src":"https:\/\/i0.wp.com\/www.biolog.world\/wp-content\/uploads\/2020\/01\/Z9A7964.jpg?fit=1200%2C560&resize=350%2C200","width":350,"height":200},"classes":[]},{"id":807,"url":"http:\/\/www.biolog.world\/en\/arctic-montessori-institute\/","url_meta":{"origin":4010,"position":2},"title":"Arctic Montessori Institute","date":"Monday August 21st, 2017","format":false,"excerpt":"With the start of our Montessori study course in the summer of 2018, we will be opening the Arctic Montessori Institute on the idyllic island of Ekker\u00f8y in the north of Norway. Where we have had numerous study trips with the secondary school children: in arctic plains. Why in this\u2026","rel":"","context":"In &quot;Allgemein&quot;","img":{"alt_text":"","src":"https:\/\/i0.wp.com\/www.biolog.world\/wp-content\/uploads\/2017\/08\/arcticblog.jpg?fit=1024%2C476&resize=350%2C200","width":350,"height":200},"classes":[]},{"id":4204,"url":"http:\/\/www.biolog.world\/en\/zuneigung\/","url_meta":{"origin":4010,"position":3},"title":"Zuneigung","date":"Friday August  7th, 2020","format":false,"excerpt":"\u201ewo Aneignung war soll Zuneigung werden\", dieses Zitat stammt von der K\u00fcnstlerin Isabelle Graw und ist auch jenseits der Kunst wunderbar g\u00fcltig! Wir kommen auf die Welt und sind vorbereitet auf einen freundlichen Empfang. Wir wollen uns der Welt aus vollem Herzen hingeben und zuwenden, um an all dem, was\u2026","rel":"","context":"In &quot;Allgemein&quot;","img":{"alt_text":"","src":"https:\/\/i0.wp.com\/www.biolog.world\/wp-content\/uploads\/2020\/02\/fly-e1630318613887.jpg?fit=1020%2C476&resize=350%2C200","width":350,"height":200},"classes":[]},{"id":3373,"url":"http:\/\/www.biolog.world\/en\/studienlehrgang-2019\/","url_meta":{"origin":4010,"position":4},"title":"Study course 2019","date":"Wednesday April 25th, 2018","format":false,"excerpt":"We are looking forward to the first module of the study course \"von allem sein\". Deeply woven into the Arctic world, students will experience connected thinking and explore the infinite realities of the cosmos. Specially created textbooks will not only document experiences, but form the unique basis of a new\u2026","rel":"","context":"In &quot;Allgemein&quot;","img":{"alt_text":"","src":"https:\/\/i0.wp.com\/www.biolog.world\/wp-content\/uploads\/2018\/04\/owl.jpg?fit=1020%2C476&resize=350%2C200","width":350,"height":200},"classes":[]},{"id":706,"url":"http:\/\/www.biolog.world\/en\/vorbereitungen-zum-studienlehrgang\/","url_meta":{"origin":4010,"position":5},"title":"Montessori Adolescent Studies-course in progress","date":"Tuesday August  8th, 2017","format":false,"excerpt":"Visiting the Varanger Peninsula, we have finished our preparations for the Intensive Course for Montessori Adolescent Studies starting July 2018. Enclosed you can find some pictures of the wonderful surrounding of Ekker\u00f8y where the course will be held. greetings from Arctic Varanger Uwe Kranner [soliloquy id=\"707\"]","rel":"","context":"In &quot;Allgemein&quot;","img":{"alt_text":"","src":"https:\/\/i0.wp.com\/www.biolog.world\/wp-content\/uploads\/2017\/08\/odins.jpg?fit=1024%2C476&resize=350%2C200","width":350,"height":200},"classes":[]}],"_links":{"self":[{"href":"http:\/\/www.biolog.world\/en\/wp-json\/wp\/v2\/posts\/4010"}],"collection":[{"href":"http:\/\/www.biolog.world\/en\/wp-json\/wp\/v2\/posts"}],"about":[{"href":"http:\/\/www.biolog.world\/en\/wp-json\/wp\/v2\/types\/post"}],"author":[{"embeddable":true,"href":"http:\/\/www.biolog.world\/en\/wp-json\/wp\/v2\/users\/1"}],"replies":[{"embeddable":true,"href":"http:\/\/www.biolog.world\/en\/wp-json\/wp\/v2\/comments?post=4010"}],"version-history":[{"count":6,"href":"http:\/\/www.biolog.world\/en\/wp-json\/wp\/v2\/posts\/4010\/revisions"}],"predecessor-version":[{"id":4019,"href":"http:\/\/www.biolog.world\/en\/wp-json\/wp\/v2\/posts\/4010\/revisions\/4019"}],"wp:featuredmedia":[{"embeddable":true,"href":"http:\/\/www.biolog.world\/en\/wp-json\/wp\/v2\/media\/3764"}],"wp:attachment":[{"href":"http:\/\/www.biolog.world\/en\/wp-json\/wp\/v2\/media?parent=4010"}],"wp:term":[{"taxonomy":"category","embeddable":true,"href":"http:\/\/www.biolog.world\/en\/wp-json\/wp\/v2\/categories?post=4010"},{"taxonomy":"post_tag","embeddable":true,"href":"http:\/\/www.biolog.world\/en\/wp-json\/wp\/v2\/tags?post=4010"}],"curies":[{"name":"wp","href":"https:\/\/api.w.org\/{rel}","templated":true}]}}