{"id":3992,"date":"2019-04-23T11:59:36","date_gmt":"2019-04-23T09:59:36","guid":{"rendered":"http:\/\/www.biolog.world\/?p=3992"},"modified":"2019-04-23T12:52:20","modified_gmt":"2019-04-23T10:52:20","slug":"bildung-wirkt","status":"publish","type":"post","link":"http:\/\/www.biolog.world\/en\/bildung-wirkt\/","title":{"rendered":"Bildung wirkt."},"content":{"rendered":"\n<p>&#8220;Die Wirklichkeit ist die Summe all dessen, was wirkt&#8221;, meinte Hans Peter D\u00fcrr einmal w\u00e4hrend eines Vortrages. <br><br>Alle Erfahrungen, die unsere Kinder im Laufe ihrer Bildungszeit sammeln, kommen genau in dieser Art und Weise, als &#8220;das, was wirkt&#8221; in der Gesellschaft an. Das, was unser Bildungssystem zur Zeit an Erfahrungen anbietet, ist einfach zu beschreiben:<br><\/p>\n\n\n\n<p>Kinder werden nicht in ihren St\u00e4rken entdeckt, sondern in ihren Schw\u00e4chen erwischt<strong>.<\/strong>\u00a0Erfahrungen eines &#8220;gepr\u00fcften Menschen&#8221; sind es, welche die Wirklichkeit unserer Gesellschaft pr\u00e4gen. Angst, Misstrauen, Hass sind auch deshalb allgegenw\u00e4rtig.<br><br>Wer dem nicht l\u00e4nger gleichg\u00fcltig gegen\u00fcber stehen m\u00f6chte, muss sich auf den Weg machen. Nicht l\u00e4nger d\u00fcrfen wir unseren Blick auf Kompetenzlehrpl\u00e4ne, Benotungsvarianten und Pr\u00fcfungen richten. Vielmehr muss es uns gelingen, das Kind und seine Entwicklung wieder achten zu lernen.<\/p>\n\n\n\n<p>Unterrichten und Pr\u00fcfen sind keine passenden Werkzeuge einer P\u00e4dagogik, die verstanden hat, was Lernen bedeutet. &nbsp;<\/p>\n","protected":false},"excerpt":{"rendered":"<p>&#8220;Die Wirklichkeit ist die Summe all dessen, was wirkt&#8221;, meinte Hans Peter D\u00fcrr einmal w\u00e4hrend eines Vortrages. Alle Erfahrungen, die unsere Kinder im Laufe ihrer Bildungszeit sammeln, kommen genau in dieser Art und Weise, als &#8220;das, was wirkt&#8221; in der Gesellschaft an. Das, was unser Bildungssystem zur Zeit an Erfahrungen anbietet, ist einfach zu beschreiben: &hellip; <a href=\"http:\/\/www.biolog.world\/en\/bildung-wirkt\/\" class=\"excerpt-link\">Read More<\/a><\/p>\n","protected":false},"author":1,"featured_media":3991,"comment_status":"closed","ping_status":"closed","sticky":false,"template":"","format":"standard","meta":{"jetpack_publicize_message":"","jetpack_is_tweetstorm":false,"jetpack_publicize_feature_enabled":true},"categories":[1],"tags":[],"jetpack_publicize_connections":[],"jetpack_featured_media_url":"https:\/\/i0.wp.com\/www.biolog.world\/wp-content\/uploads\/2019\/04\/elch.jpg?fit=1020%2C476","jetpack_sharing_enabled":true,"jetpack_shortlink":"https:\/\/wp.me\/p7OThW-12o","jetpack-related-posts":[{"id":4041,"url":"http:\/\/www.biolog.world\/en\/es-passiert-nichts\/","url_meta":{"origin":3992,"position":0},"title":"es passiert nichts","date":"Sunday September 15th, 2019","format":false,"excerpt":"Es passiert nichts. Im immer noch vorherrschenden Weltbild des 19. Jahrhunderts pr\u00e4gt das Unverbundene stets die Modulation des Geschehens. Das kleine W\u00f6rtchen \"es\" dr\u00fcckt eine Ebene, eine Instanz aus, die einem, seit dem Beginn des 20. Jahrhunderts g\u00fcltigen, Weltbild vollkommen widerspricht. Folgt man dem Weltbild der holistischen Physik, wie Hans\u2026","rel":"","context":"In &quot;Allgemein&quot;","img":{"alt_text":"","src":"https:\/\/i0.wp.com\/www.biolog.world\/wp-content\/uploads\/2019\/09\/blog.jpg?fit=1020%2C476&resize=350%2C200","width":350,"height":200},"classes":[]},{"id":3830,"url":"http:\/\/www.biolog.world\/en\/infotag-zum-studienlehrgang\/","url_meta":{"origin":3992,"position":1},"title":"Infotag zum Studienlehrgang","date":"Tuesday October  2nd, 2018","format":false,"excerpt":"von allem sein | Montessori Studienlehrgang 2019 \"Man schafft niemals Ver\u00e4nderung, indem man das Bestehende bek\u00e4mpft. Um etwas zu ver\u00e4ndern, baut man neue Modelle, die das Alte \u00fcberfl\u00fcssig machen.\" (R. Buckminster Fuller) In einem neuen Modell einer Bildung wird nicht die \u00dcberpr\u00fcfbarkeit von Wissen im Vordergrund stehen, sondern der Anteil\u2026","rel":"","context":"In &quot;Allgemein&quot;","img":{"alt_text":"","src":"https:\/\/i0.wp.com\/www.biolog.world\/wp-content\/uploads\/2018\/10\/midnight.jpg?fit=1020%2C476&resize=350%2C200","width":350,"height":200},"classes":[]},{"id":1337,"url":"http:\/\/www.biolog.world\/en\/neue-wege-der-bildung\/","url_meta":{"origin":3992,"position":2},"title":"new ways of education","date":"Monday October 30th, 2017","format":false,"excerpt":"In our major years of education, from conception to the end of adolescence, we make those formative experiences that mature our personality and our intelligence. The conclusion of this, our most important years, marks another transition, from adolescent to adulthood, as well as from the birth to the future. We\u2026","rel":"","context":"In &quot;Allgemein&quot;","img":{"alt_text":"","src":"https:\/\/i0.wp.com\/www.biolog.world\/wp-content\/uploads\/2017\/10\/globus.jpg?fit=1020%2C476&resize=350%2C200","width":350,"height":200},"classes":[]},{"id":3864,"url":"http:\/\/www.biolog.world\/en\/bildung-ist-lebensform\/","url_meta":{"origin":3992,"position":3},"title":"Bildung ist Lebensform","date":"Wednesday November  7th, 2018","format":false,"excerpt":"\u201eBildung ist Lebensform; diese hat zu ihrem R\u00fcckgrat Disziplin als Denkenk\u00f6nnen und zu ihrem Raum geordnetes Wissen. Anschauung von Gestalten des Gewesenen, Erkenntnis als zwingend g\u00fcltige Einsichten, Kenntnis von Sachen und Zuhausesein in Sprachen sind ihr Stoff.\u201c\u00a0 (Karl Jaspers-Die geistige Situation der Zeit) Die Bl\u00fcte dieser Lebensform ist der\u00a0Mensch, der\u2026","rel":"","context":"In &quot;Allgemein&quot;","img":{"alt_text":"","src":"https:\/\/i0.wp.com\/www.biolog.world\/wp-content\/uploads\/2018\/11\/still.jpg?fit=1020%2C476&resize=350%2C200","width":350,"height":200},"classes":[]},{"id":4163,"url":"http:\/\/www.biolog.world\/en\/resonanzpaedagogik\/","url_meta":{"origin":3992,"position":4},"title":"Resonanzp\u00e4dagogik","date":"Sunday February 23rd, 2020","format":false,"excerpt":"\u201eDas zentrale Bestreben der Moderne in allen Lebensbereichen und Gesellschaftssph\u00e4ren gilt dem Dingfest- und Verf\u00fcgbarmachen der Welt. Die Weltdinge und Prozesse sollen \u00f6konomisch und technisch verf\u00fcgbar, wissenschaftlich erkennbar und beherrschbar, rechtlich berechenbar und politisch steuerbar und f\u00fcr die Subjekte zugleich alltagspraktisch kontrollierbar und erfahrbar gemacht werden. Das Handeln der Moderne\u2026","rel":"","context":"In &quot;Allgemein&quot;","img":{"alt_text":"","src":"https:\/\/i0.wp.com\/www.biolog.world\/wp-content\/uploads\/2020\/02\/1_Z9A2629.jpg?fit=1020%2C476&resize=350%2C200","width":350,"height":200},"classes":[]},{"id":3373,"url":"http:\/\/www.biolog.world\/en\/studienlehrgang-2019\/","url_meta":{"origin":3992,"position":5},"title":"Study course 2019","date":"Wednesday April 25th, 2018","format":false,"excerpt":"We are looking forward to the first module of the study course \"von allem sein\". Deeply woven into the Arctic world, students will experience connected thinking and explore the infinite realities of the cosmos. Specially created textbooks will not only document experiences, but form the unique basis of a new\u2026","rel":"","context":"In &quot;Allgemein&quot;","img":{"alt_text":"","src":"https:\/\/i0.wp.com\/www.biolog.world\/wp-content\/uploads\/2018\/04\/owl.jpg?fit=1020%2C476&resize=350%2C200","width":350,"height":200},"classes":[]}],"_links":{"self":[{"href":"http:\/\/www.biolog.world\/en\/wp-json\/wp\/v2\/posts\/3992"}],"collection":[{"href":"http:\/\/www.biolog.world\/en\/wp-json\/wp\/v2\/posts"}],"about":[{"href":"http:\/\/www.biolog.world\/en\/wp-json\/wp\/v2\/types\/post"}],"author":[{"embeddable":true,"href":"http:\/\/www.biolog.world\/en\/wp-json\/wp\/v2\/users\/1"}],"replies":[{"embeddable":true,"href":"http:\/\/www.biolog.world\/en\/wp-json\/wp\/v2\/comments?post=3992"}],"version-history":[{"count":3,"href":"http:\/\/www.biolog.world\/en\/wp-json\/wp\/v2\/posts\/3992\/revisions"}],"predecessor-version":[{"id":3995,"href":"http:\/\/www.biolog.world\/en\/wp-json\/wp\/v2\/posts\/3992\/revisions\/3995"}],"wp:featuredmedia":[{"embeddable":true,"href":"http:\/\/www.biolog.world\/en\/wp-json\/wp\/v2\/media\/3991"}],"wp:attachment":[{"href":"http:\/\/www.biolog.world\/en\/wp-json\/wp\/v2\/media?parent=3992"}],"wp:term":[{"taxonomy":"category","embeddable":true,"href":"http:\/\/www.biolog.world\/en\/wp-json\/wp\/v2\/categories?post=3992"},{"taxonomy":"post_tag","embeddable":true,"href":"http:\/\/www.biolog.world\/en\/wp-json\/wp\/v2\/tags?post=3992"}],"curies":[{"name":"wp","href":"https:\/\/api.w.org\/{rel}","templated":true}]}}