{"id":3931,"date":"2019-01-03T12:03:36","date_gmt":"2019-01-03T11:03:36","guid":{"rendered":"http:\/\/www.biolog.world\/?p=3931"},"modified":"2019-01-03T12:03:46","modified_gmt":"2019-01-03T11:03:46","slug":"verbundenheit","status":"publish","type":"post","link":"http:\/\/www.biolog.world\/en\/verbundenheit\/","title":{"rendered":"Verbundenheit"},"content":{"rendered":"\n<p>&#8220;Es ist an der Zeit, unserem Leben wieder die Lebendigkeit zur\u00fcckzugeben, die diesem zueigen ist. Das hei\u00dft auch, dass wir die geistige Dimension unserer Existenz wieder erkennen m\u00fcssen, die wir verdr\u00e4ngt haben, denn deren Verlust in der modernen Welt wiegt schwer.&#8221;<\/p>\n\n\n\n<p>So schreibt Hans Peter D\u00fcrr im Buch &#8220;<strong>Verbundenheit<\/strong>&#8221; und f\u00fchrt aus, warum wir ein <strong>neues Weltbild<\/strong> brauchen, damit uns Zukunftsf\u00e4higkeit erw\u00e4chst.<\/p>\n\n\n\n<p>Eltern, Gro\u00dfeltern, P\u00e4dagoginnen und P\u00e4dagogen &#8211; Erwachsene, die junge Menschen in die Welt und ins Leben begleiten, m\u00fcssen lernen, selbst in diese Verbundenheit zu gelangen und sich in ein neues, weiteres Weltbild einzuleben, welches von Lebendigkeit durchwoben ist und der geistigen Dimension unserer Existenz wieder Bedeutung verleiht.<\/p>\n\n\n\n<p>Mit unserem <a href=\"http:\/\/www.dorfschule-montessorihaus.org\/kinderhaus\/\">Kinderhaus<\/a> und unserer <a href=\"http:\/\/www.dorfschule-montessorihaus.org\/dorfschule\/\">Dorfschule<\/a> versuchen wir genau dies seit mehr als 12 Jahren. Dies fordert zu aller erst die Erwachsenen heraus, Eltern und P\u00e4dagoInnen, sich in einer neuen Dimension des Lebendigen einzufinden. Es braucht eine Schulung der F\u00e4higkeit, Welt wieder zu empfinden um sie in Verbundenheit auch neu verstehen zu lernen.<\/p>\n\n\n\n<p>&#8220;<a href=\"http:\/\/www.biolog.world\/studienlehrgang\/\">von allem sein<\/a>&#8220;, unsere <a href=\"http:\/\/www.spielraeume.org\/?page_id=2508\">Diplomausbildungen<\/a> und unsere &#8220;<a href=\"http:\/\/www.spielraeume.org\/?page_id=2517\">Studierwerkstatt f\u00fcr Erwachsene<\/a>&#8221; folgen eben diesem hohen Ziel, Verbundenheit und Weltempfinden wieder zu erlangen. Nur dann werden wir zukunftsf\u00e4hig, nur dann kann Bildung gut genug sein, um einen Beitrag zur Menschwerdung kommender Generationen zu leisten.<\/p>\n\n\n\n<p>Es geht ums Ganze!<br><br><strong>Buchtip<\/strong>: Verbundenheit-Warum wir ein neues Weltbild brauchen, ISBN 978-3-456-85919-4<br><\/p>\n","protected":false},"excerpt":{"rendered":"<p>&#8220;Es ist an der Zeit, unserem Leben wieder die Lebendigkeit zur\u00fcckzugeben, die diesem zueigen ist. Das hei\u00dft auch, dass wir die geistige Dimension unserer Existenz wieder erkennen m\u00fcssen, die wir verdr\u00e4ngt haben, denn deren Verlust in der modernen Welt wiegt schwer.&#8221; So schreibt Hans Peter D\u00fcrr im Buch &#8220;Verbundenheit&#8221; und f\u00fchrt aus, warum wir ein &hellip; <a href=\"http:\/\/www.biolog.world\/en\/verbundenheit\/\" class=\"excerpt-link\">Read More<\/a><\/p>\n","protected":false},"author":1,"featured_media":3936,"comment_status":"closed","ping_status":"closed","sticky":false,"template":"","format":"standard","meta":{"jetpack_publicize_message":"","jetpack_is_tweetstorm":false,"jetpack_publicize_feature_enabled":true},"categories":[1],"tags":[],"jetpack_publicize_connections":[],"jetpack_featured_media_url":"https:\/\/i0.wp.com\/www.biolog.world\/wp-content\/uploads\/2019\/01\/pasvik.jpg?fit=1020%2C476","jetpack_sharing_enabled":true,"jetpack_shortlink":"https:\/\/wp.me\/p7OThW-11p","jetpack-related-posts":[{"id":4474,"url":"http:\/\/www.biolog.world\/en\/es-gibt-keine-weg-nur-gehen\/","url_meta":{"origin":3931,"position":0},"title":"Es gibt keinen Weg. Nur gehen.","date":"Sunday November 21st, 2021","format":false,"excerpt":"Wir leben in einer Zeit gro\u00dfer Herausforderungen. Viele Menschen stehen an Grenzen, die sie kaum \u00fcberwinden k\u00f6nnen. Grenzen der Belastbarkeit, Grenzen des Verstehens, Grenzen der Zuversicht, Grenzen der Hoffnung. Andere wieder, versuchen diese Grenzen aus ihrer Wahrnehmung zu verdr\u00e4ngen um \u00fcberleben zu k\u00f6nnen. Es sind jene, welche zu Tausenden aus\u2026","rel":"","context":"In &quot;Allgemein&quot;","img":{"alt_text":"","src":"https:\/\/i0.wp.com\/www.biolog.world\/wp-content\/uploads\/2021\/11\/Z9A2629-scaled.jpg?fit=1200%2C560&resize=350%2C200","width":350,"height":200},"classes":[]},{"id":4459,"url":"http:\/\/www.biolog.world\/en\/das-verbindende-ueber-das-trennende-stellen\/","url_meta":{"origin":3931,"position":1},"title":"das Verbindende \u00fcber das Trennende stellen","date":"Tuesday November  9th, 2021","format":false,"excerpt":"\"Erst wenn Gedichte und Geschichten,\u00a0das Herz wieder gerade richten,...\u00a0dann fliegt vor einem geheimen Wort,\u00a0das ganze verkehrte Wesen fort.\" dichtet Konstantin Wecker in Fortf\u00fchrung der Zeilen von Novalis. Poesie und Geschichten einer verbundenen Welt fordern also die Poeten und allerorts ist davon die Rede, das Verbindende doch wieder \u00fcber das Trennende\u2026","rel":"","context":"In &quot;Allgemein&quot;","img":{"alt_text":"","src":"https:\/\/i0.wp.com\/www.biolog.world\/wp-content\/uploads\/2021\/11\/blog.jpg?fit=1020%2C476&resize=350%2C200","width":350,"height":200},"classes":[]},{"id":4129,"url":"http:\/\/www.biolog.world\/en\/das-gefuehl-der-wunder\/","url_meta":{"origin":3931,"position":2},"title":"das Gef\u00fchl der Wunder","date":"Monday December 30th, 2019","format":false,"excerpt":"\u201eHumboldt wurde angetrieben von einem Gef\u00fchl der Wunder \u2013 ein Gef\u00fchl, das uns heute helfen k\u00f6nnte zu begreifen, dass wir nur sch\u00fctzen werden, was wir lieben.\u201c schreibt Andrea Wulf in \u201eAlexander von Humboldt und die Erfindung der Natur\u201c Der Universalgelehrte Alexander von Humboldt hat in seinem Werk aufgezeigt, was seit\u2026","rel":"","context":"In &quot;Allgemein&quot;","img":{"alt_text":"","src":"https:\/\/i0.wp.com\/www.biolog.world\/wp-content\/uploads\/2020\/01\/Z9A7964.jpg?fit=1200%2C560&resize=350%2C200","width":350,"height":200},"classes":[]},{"id":4041,"url":"http:\/\/www.biolog.world\/en\/es-passiert-nichts\/","url_meta":{"origin":3931,"position":3},"title":"es passiert nichts","date":"Sunday September 15th, 2019","format":false,"excerpt":"Es passiert nichts. Im immer noch vorherrschenden Weltbild des 19. Jahrhunderts pr\u00e4gt das Unverbundene stets die Modulation des Geschehens. Das kleine W\u00f6rtchen \"es\" dr\u00fcckt eine Ebene, eine Instanz aus, die einem, seit dem Beginn des 20. Jahrhunderts g\u00fcltigen, Weltbild vollkommen widerspricht. Folgt man dem Weltbild der holistischen Physik, wie Hans\u2026","rel":"","context":"In &quot;Allgemein&quot;","img":{"alt_text":"","src":"https:\/\/i0.wp.com\/www.biolog.world\/wp-content\/uploads\/2019\/09\/blog.jpg?fit=1020%2C476&resize=350%2C200","width":350,"height":200},"classes":[]},{"id":4529,"url":"http:\/\/www.biolog.world\/en\/zukunft-beginnt\/","url_meta":{"origin":3931,"position":4},"title":"Zukunft beginnt","date":"Tuesday August 30th, 2022","format":false,"excerpt":"\"Zukunft beginnt, wenn Kinder werden, was wir noch nicht sein k\u00f6nnen\" Wie also wollen wir leben, erziehen und bilden, damit unseren Kindern wieder eine Zukunft zu Teil wird und nicht blo\u00df ein unbekannter Teil der Vergangenheit. Es liegt an uns Erwachsenen. Wir m\u00fcssen uns jene Haltungen und jenes Weltwissen aneignen,\u2026","rel":"","context":"In &quot;Allgemein&quot;","img":{"alt_text":"","src":"https:\/\/i0.wp.com\/www.biolog.world\/wp-content\/uploads\/2022\/08\/vonallemsein.jpg?fit=1020%2C476&resize=350%2C200","width":350,"height":200},"classes":[]},{"id":3864,"url":"http:\/\/www.biolog.world\/en\/bildung-ist-lebensform\/","url_meta":{"origin":3931,"position":5},"title":"Bildung ist Lebensform","date":"Wednesday November  7th, 2018","format":false,"excerpt":"\u201eBildung ist Lebensform; diese hat zu ihrem R\u00fcckgrat Disziplin als Denkenk\u00f6nnen und zu ihrem Raum geordnetes Wissen. Anschauung von Gestalten des Gewesenen, Erkenntnis als zwingend g\u00fcltige Einsichten, Kenntnis von Sachen und Zuhausesein in Sprachen sind ihr Stoff.\u201c\u00a0 (Karl Jaspers-Die geistige Situation der Zeit) Die Bl\u00fcte dieser Lebensform ist der\u00a0Mensch, der\u2026","rel":"","context":"In &quot;Allgemein&quot;","img":{"alt_text":"","src":"https:\/\/i0.wp.com\/www.biolog.world\/wp-content\/uploads\/2018\/11\/still.jpg?fit=1020%2C476&resize=350%2C200","width":350,"height":200},"classes":[]}],"_links":{"self":[{"href":"http:\/\/www.biolog.world\/en\/wp-json\/wp\/v2\/posts\/3931"}],"collection":[{"href":"http:\/\/www.biolog.world\/en\/wp-json\/wp\/v2\/posts"}],"about":[{"href":"http:\/\/www.biolog.world\/en\/wp-json\/wp\/v2\/types\/post"}],"author":[{"embeddable":true,"href":"http:\/\/www.biolog.world\/en\/wp-json\/wp\/v2\/users\/1"}],"replies":[{"embeddable":true,"href":"http:\/\/www.biolog.world\/en\/wp-json\/wp\/v2\/comments?post=3931"}],"version-history":[{"count":6,"href":"http:\/\/www.biolog.world\/en\/wp-json\/wp\/v2\/posts\/3931\/revisions"}],"predecessor-version":[{"id":3938,"href":"http:\/\/www.biolog.world\/en\/wp-json\/wp\/v2\/posts\/3931\/revisions\/3938"}],"wp:featuredmedia":[{"embeddable":true,"href":"http:\/\/www.biolog.world\/en\/wp-json\/wp\/v2\/media\/3936"}],"wp:attachment":[{"href":"http:\/\/www.biolog.world\/en\/wp-json\/wp\/v2\/media?parent=3931"}],"wp:term":[{"taxonomy":"category","embeddable":true,"href":"http:\/\/www.biolog.world\/en\/wp-json\/wp\/v2\/categories?post=3931"},{"taxonomy":"post_tag","embeddable":true,"href":"http:\/\/www.biolog.world\/en\/wp-json\/wp\/v2\/tags?post=3931"}],"curies":[{"name":"wp","href":"https:\/\/api.w.org\/{rel}","templated":true}]}}