{"id":3864,"date":"2018-11-07T11:20:16","date_gmt":"2018-11-07T10:20:16","guid":{"rendered":"http:\/\/www.biolog.world\/?p=3864"},"modified":"2018-11-07T11:21:59","modified_gmt":"2018-11-07T10:21:59","slug":"bildung-ist-lebensform","status":"publish","type":"post","link":"http:\/\/www.biolog.world\/en\/bildung-ist-lebensform\/","title":{"rendered":"Bildung ist Lebensform"},"content":{"rendered":"\n<p>\u201eBildung ist Lebensform; diese hat zu ihrem R\u00fcckgrat Disziplin als Denkenk\u00f6nnen und zu ihrem Raum geordnetes Wissen. Anschauung von Gestalten des Gewesenen, Erkenntnis als zwingend g\u00fcltige Einsichten, Kenntnis von Sachen und Zuhausesein in Sprachen sind ihr Stoff.\u201c&nbsp;<\/p>\n\n\n\n<p>(Karl Jaspers-Die geistige Situation der Zeit)<\/p>\n\n\n\n<p>Die Bl\u00fcte dieser Lebensform ist der&nbsp;Mensch, der gelernt hat die Welt zu empfinden und sie zu verstehen, der empathisch, klug und in Kooperation mit anderen Individuen Probleme l\u00f6st und sein Leben gestaltet, der frei ist in seinen Gedanken und gerade deshalb tief verbunden mit all dem, was ihn umgibt und was er ist.<\/p>\n\n\n\n<p>Kinder und Jugendliche in eben diese Lebensform hineinzubegleiten ist Aufgabe von Eltern und P\u00e4dagogen. Gut gemeint ist hierbei zu wenig, es muss gut genug sein, damit das Menschsein&nbsp;Zukunft&nbsp;bekommt.&nbsp;<\/p>\n\n\n\n<p>Mit dem&nbsp;Studienlehrgang&nbsp;<a href=\"http:\/\/www.biolog.world\/studienlehrgang\/\">\u201evon allem sein\u201c<\/a>&nbsp;wird Erwachsenen erfahrbar, was \u201eBildung als Lebensform\u201c bedeutet, welche Widmung erforderlich ist und auf welchem Curriculum diese Lebensform aufbauen kann.<\/p>\n\n\n\n<p>In einer Bildung der Zukunft steht nicht die \u00dcberpr\u00fcfbarkeit von Wissen im Vordergrund, sondern der Anteil an Potentialit\u00e4t eines Individuums, der das eigene Leben, als auch das Gemeinwohl der Gesellschaft bereichert.<\/p>\n\n\n\n<p>Zum Thema&nbsp;<a href=\"http:\/\/www.spielraeume.org\">\u201eBildung im Aufbruch\u201c<\/a>&nbsp;starten wir in den kommenden Tagen mit einer Vortragsserie unter dem Titel: \u201eWie Bildung in Zeiten der Unbildung gelingen kann\u201c.<\/p>\n\n\n\n<p>Seien Sie dabei &#8211; beim Vortrag und bei unserem Studienlehrgang &#8211; willkommen!<\/p>\n\n\n\n<p><a href=\"http:\/\/www.biolog.world\/studienlehrgang\/\">Anmeldungen<\/a>&nbsp;zum Studienlehrgang sind noch bis Ende November 2018 m\u00f6glich!<\/p>\n\n\n\n<p>Der Studienlehrgang wird im Rahmen von&nbsp;ERASMUS+&nbsp;und der&nbsp;Erwachsenenbildungsf\u00f6rderung&nbsp;der L\u00e4nder gef\u00f6rdert!<\/p>\n","protected":false},"excerpt":{"rendered":"<p>\u201eBildung ist Lebensform; diese hat zu ihrem R\u00fcckgrat Disziplin als Denkenk\u00f6nnen und zu ihrem Raum geordnetes Wissen. Anschauung von Gestalten des Gewesenen, Erkenntnis als zwingend g\u00fcltige Einsichten, Kenntnis von Sachen und Zuhausesein in Sprachen sind ihr Stoff.\u201c&nbsp; (Karl Jaspers-Die geistige Situation der Zeit) Die Bl\u00fcte dieser Lebensform ist der&nbsp;Mensch, der gelernt hat die Welt zu &hellip; <a href=\"http:\/\/www.biolog.world\/en\/bildung-ist-lebensform\/\" class=\"excerpt-link\">Read More<\/a><\/p>\n","protected":false},"author":1,"featured_media":3863,"comment_status":"closed","ping_status":"closed","sticky":false,"template":"","format":"standard","meta":{"jetpack_publicize_message":"","jetpack_is_tweetstorm":false,"jetpack_publicize_feature_enabled":true},"categories":[1],"tags":[],"jetpack_publicize_connections":[],"jetpack_featured_media_url":"https:\/\/i0.wp.com\/www.biolog.world\/wp-content\/uploads\/2018\/11\/still.jpg?fit=1020%2C476","jetpack_sharing_enabled":true,"jetpack_shortlink":"https:\/\/wp.me\/p7OThW-10k","jetpack-related-posts":[{"id":4163,"url":"http:\/\/www.biolog.world\/en\/resonanzpaedagogik\/","url_meta":{"origin":3864,"position":0},"title":"Resonanzp\u00e4dagogik","date":"Sunday February 23rd, 2020","format":false,"excerpt":"\u201eDas zentrale Bestreben der Moderne in allen Lebensbereichen und Gesellschaftssph\u00e4ren gilt dem Dingfest- und Verf\u00fcgbarmachen der Welt. Die Weltdinge und Prozesse sollen \u00f6konomisch und technisch verf\u00fcgbar, wissenschaftlich erkennbar und beherrschbar, rechtlich berechenbar und politisch steuerbar und f\u00fcr die Subjekte zugleich alltagspraktisch kontrollierbar und erfahrbar gemacht werden. Das Handeln der Moderne\u2026","rel":"","context":"In &quot;Allgemein&quot;","img":{"alt_text":"","src":"https:\/\/i0.wp.com\/www.biolog.world\/wp-content\/uploads\/2020\/02\/1_Z9A2629.jpg?fit=1020%2C476&resize=350%2C200","width":350,"height":200},"classes":[]},{"id":3830,"url":"http:\/\/www.biolog.world\/en\/infotag-zum-studienlehrgang\/","url_meta":{"origin":3864,"position":1},"title":"Infotag zum Studienlehrgang","date":"Tuesday October  2nd, 2018","format":false,"excerpt":"von allem sein | Montessori Studienlehrgang 2019 \"Man schafft niemals Ver\u00e4nderung, indem man das Bestehende bek\u00e4mpft. Um etwas zu ver\u00e4ndern, baut man neue Modelle, die das Alte \u00fcberfl\u00fcssig machen.\" (R. Buckminster Fuller) In einem neuen Modell einer Bildung wird nicht die \u00dcberpr\u00fcfbarkeit von Wissen im Vordergrund stehen, sondern der Anteil\u2026","rel":"","context":"In &quot;Allgemein&quot;","img":{"alt_text":"","src":"https:\/\/i0.wp.com\/www.biolog.world\/wp-content\/uploads\/2018\/10\/midnight.jpg?fit=1020%2C476&resize=350%2C200","width":350,"height":200},"classes":[]},{"id":4041,"url":"http:\/\/www.biolog.world\/en\/es-passiert-nichts\/","url_meta":{"origin":3864,"position":2},"title":"es passiert nichts","date":"Sunday September 15th, 2019","format":false,"excerpt":"Es passiert nichts. Im immer noch vorherrschenden Weltbild des 19. Jahrhunderts pr\u00e4gt das Unverbundene stets die Modulation des Geschehens. Das kleine W\u00f6rtchen \"es\" dr\u00fcckt eine Ebene, eine Instanz aus, die einem, seit dem Beginn des 20. Jahrhunderts g\u00fcltigen, Weltbild vollkommen widerspricht. Folgt man dem Weltbild der holistischen Physik, wie Hans\u2026","rel":"","context":"In &quot;Allgemein&quot;","img":{"alt_text":"","src":"https:\/\/i0.wp.com\/www.biolog.world\/wp-content\/uploads\/2019\/09\/blog.jpg?fit=1020%2C476&resize=350%2C200","width":350,"height":200},"classes":[]},{"id":1780,"url":"http:\/\/www.biolog.world\/en\/welt-anverwandeln\/","url_meta":{"origin":3864,"position":3},"title":"Resonance Education","date":"Tuesday January 16th, 2018","format":false,"excerpt":"Education is an attitude that carries with it the desire to take on the world. Listening to something, being touched, and resonating with it transforms the listener as much as the piece of the world to which they have opened. The sociologist Hartmut Rosa, in his book \"Resonanz\" he argues\u2026","rel":"","context":"In &quot;Allgemein&quot;","img":{"alt_text":"","src":"https:\/\/i0.wp.com\/www.biolog.world\/wp-content\/uploads\/2018\/01\/larus.jpg?fit=1020%2C476&resize=350%2C200","width":350,"height":200},"classes":[]},{"id":1009,"url":"http:\/\/www.biolog.world\/en\/informationstag-zum-studienlehrgang\/","url_meta":{"origin":3864,"position":4},"title":"Information day for the Montessori study course","date":"Monday August 28th, 2017","format":false,"excerpt":"In the summer of 2018, for the first time in Europe, a Montessori study course, dealing with the years of higher education will be starting. Maria Montessori also thought about this part of life, some of which has been handed down in her writings. Our course \"Beyond Everything\" brings these\u2026","rel":"","context":"In &quot;Allgemein&quot;","img":{"alt_text":"","src":"https:\/\/i0.wp.com\/www.biolog.world\/wp-content\/uploads\/2017\/08\/ekkeroy.jpg?fit=1024%2C476&resize=350%2C200","width":350,"height":200},"classes":[]},{"id":3931,"url":"http:\/\/www.biolog.world\/en\/verbundenheit\/","url_meta":{"origin":3864,"position":5},"title":"Verbundenheit","date":"Thursday January  3rd, 2019","format":false,"excerpt":"\"Es ist an der Zeit, unserem Leben wieder die Lebendigkeit zur\u00fcckzugeben, die diesem zueigen ist. Das hei\u00dft auch, dass wir die geistige Dimension unserer Existenz wieder erkennen m\u00fcssen, die wir verdr\u00e4ngt haben, denn deren Verlust in der modernen Welt wiegt schwer.\" So schreibt Hans Peter D\u00fcrr im Buch \"Verbundenheit\" und\u2026","rel":"","context":"In &quot;Allgemein&quot;","img":{"alt_text":"","src":"https:\/\/i0.wp.com\/www.biolog.world\/wp-content\/uploads\/2019\/01\/pasvik.jpg?fit=1020%2C476&resize=350%2C200","width":350,"height":200},"classes":[]}],"_links":{"self":[{"href":"http:\/\/www.biolog.world\/en\/wp-json\/wp\/v2\/posts\/3864"}],"collection":[{"href":"http:\/\/www.biolog.world\/en\/wp-json\/wp\/v2\/posts"}],"about":[{"href":"http:\/\/www.biolog.world\/en\/wp-json\/wp\/v2\/types\/post"}],"author":[{"embeddable":true,"href":"http:\/\/www.biolog.world\/en\/wp-json\/wp\/v2\/users\/1"}],"replies":[{"embeddable":true,"href":"http:\/\/www.biolog.world\/en\/wp-json\/wp\/v2\/comments?post=3864"}],"version-history":[{"count":1,"href":"http:\/\/www.biolog.world\/en\/wp-json\/wp\/v2\/posts\/3864\/revisions"}],"predecessor-version":[{"id":3865,"href":"http:\/\/www.biolog.world\/en\/wp-json\/wp\/v2\/posts\/3864\/revisions\/3865"}],"wp:featuredmedia":[{"embeddable":true,"href":"http:\/\/www.biolog.world\/en\/wp-json\/wp\/v2\/media\/3863"}],"wp:attachment":[{"href":"http:\/\/www.biolog.world\/en\/wp-json\/wp\/v2\/media?parent=3864"}],"wp:term":[{"taxonomy":"category","embeddable":true,"href":"http:\/\/www.biolog.world\/en\/wp-json\/wp\/v2\/categories?post=3864"},{"taxonomy":"post_tag","embeddable":true,"href":"http:\/\/www.biolog.world\/en\/wp-json\/wp\/v2\/tags?post=3864"}],"curies":[{"name":"wp","href":"https:\/\/api.w.org\/{rel}","templated":true}]}}