{"id":3830,"date":"2018-10-02T09:37:40","date_gmt":"2018-10-02T07:37:40","guid":{"rendered":"http:\/\/www.biolog.world\/?p=3830"},"modified":"2018-10-02T09:37:48","modified_gmt":"2018-10-02T07:37:48","slug":"infotag-zum-studienlehrgang","status":"publish","type":"post","link":"http:\/\/www.biolog.world\/en\/infotag-zum-studienlehrgang\/","title":{"rendered":"Infotag zum Studienlehrgang"},"content":{"rendered":"\n<h4>von allem sein | Montessori Studienlehrgang 2019<\/h4>\n\n\n\n<p>&#8220;Man schafft niemals Ver\u00e4nderung, indem man das Bestehende bek\u00e4mpft. Um etwas zu ver\u00e4ndern, baut man neue Modelle, die das Alte \u00fcberfl\u00fcssig machen.&#8221; (R. Buckminster Fuller)<\/p>\n\n\n\n<p>In einem neuen Modell einer Bildung wird nicht die \u00dcberpr\u00fcfbarkeit von Wissen im Vordergrund stehen, sondern der Anteil von Potentialit\u00e4t des Individuums, der das eigene Leben als auch das Gemeinwohl der Gesellschaft bereichert.<\/p>\n\n\n\n<p>Ein neues Modell einer Bildung der Zukunft erfordert auch eine neue\u00a0<a href=\"http:\/\/www.biolog.world\/studienlehrgang\/\">Lehrerbildung<\/a>.<\/p>\n\n\n\n<p><a href=\"http:\/\/www.biolog.world\/studienlehrgang\/\">&#8220;von allem sein&#8221;<\/a>, ein intensives, dreij\u00e4hriges Studium, erm\u00f6glicht interessierten Menschen selbstt\u00e4tig und in einzigartigen Umgebungen,<strong>\u00a0verbundenes Lernen und Lehren<\/strong>\u00a0zu erfahren und das f\u00fcr eine\u00a0<strong>h\u00f6here Reife<\/strong>\u00a0notwendige verbundene Wissen in praktischen Arbeiten, modellhaft f\u00fcr die Begleitung von Kindern und Jugendlichen aufzubereiten.<\/p>\n\n\n\n<p>In drei Modulen, welche jeweils 21 Tage dauern, wird im Sinne einer Kosmischen Lehre der Zusammenh\u00e4nge Maria Montessoris ein Erkenntnisrahmen erarbeitet, welcher in seiner G\u00e4nze alle wesentlichen Bausteine des heutigen Weltwissens erfasst.<\/p>\n\n\n\n<p>Am\u00a0<strong>27. Oktober 2018<\/strong>\u00a0(9:00-17:00) findet ein\u00a0<strong>Informationstag<\/strong>\u00a0in der Dorfschule Kleineberharts, 3830 Waidhofen an der Thaya statt. Das Kursprogramm, der\u00a0Kursort und der Ablauf dieser einzigartigen Veranstaltung werden in Form von Vortr\u00e4gen,\u00a0Gespr\u00e4chen und Erfahrungsbeispielen vorgestellt. (<a href=\"http:\/\/www.biolog.world\/studienlehrgang\/\">Anmeldung<\/a>\u00a0per Telefon oder\u00a0<a href=\"mailto:office@biolog.world\">email<\/a>, Teilnahme gratis)<\/p>\n\n\n\n<p><a href=\"http:\/\/www.biolog.world\/studienlehrgang\/\">Anmeldungen<\/a>\u00a0sind ab sofort m\u00f6glich! Der Studienlehrgang wird im Rahmen von\u00a0<strong>ERASMUS+<\/strong>\u00a0gef\u00f6rdert!<\/p>\n","protected":false},"excerpt":{"rendered":"<p>von allem sein | Montessori Studienlehrgang 2019 &#8220;Man schafft niemals Ver\u00e4nderung, indem man das Bestehende bek\u00e4mpft. Um etwas zu ver\u00e4ndern, baut man neue Modelle, die das Alte \u00fcberfl\u00fcssig machen.&#8221; (R. Buckminster Fuller) In einem neuen Modell einer Bildung wird nicht die \u00dcberpr\u00fcfbarkeit von Wissen im Vordergrund stehen, sondern der Anteil von Potentialit\u00e4t des Individuums, der &hellip; <a href=\"http:\/\/www.biolog.world\/en\/infotag-zum-studienlehrgang\/\" class=\"excerpt-link\">Read More<\/a><\/p>\n","protected":false},"author":1,"featured_media":3821,"comment_status":"closed","ping_status":"closed","sticky":false,"template":"","format":"standard","meta":{"jetpack_publicize_message":"","jetpack_is_tweetstorm":false,"jetpack_publicize_feature_enabled":true},"categories":[1],"tags":[],"jetpack_publicize_connections":[],"jetpack_featured_media_url":"https:\/\/i0.wp.com\/www.biolog.world\/wp-content\/uploads\/2018\/10\/midnight.jpg?fit=1020%2C476","jetpack_sharing_enabled":true,"jetpack_shortlink":"https:\/\/wp.me\/p7OThW-ZM","jetpack-related-posts":[{"id":3864,"url":"http:\/\/www.biolog.world\/en\/bildung-ist-lebensform\/","url_meta":{"origin":3830,"position":0},"title":"Bildung ist Lebensform","date":"Wednesday November  7th, 2018","format":false,"excerpt":"\u201eBildung ist Lebensform; diese hat zu ihrem R\u00fcckgrat Disziplin als Denkenk\u00f6nnen und zu ihrem Raum geordnetes Wissen. Anschauung von Gestalten des Gewesenen, Erkenntnis als zwingend g\u00fcltige Einsichten, Kenntnis von Sachen und Zuhausesein in Sprachen sind ihr Stoff.\u201c\u00a0 (Karl Jaspers-Die geistige Situation der Zeit) Die Bl\u00fcte dieser Lebensform ist der\u00a0Mensch, der\u2026","rel":"","context":"In &quot;Allgemein&quot;","img":{"alt_text":"","src":"https:\/\/i0.wp.com\/www.biolog.world\/wp-content\/uploads\/2018\/11\/still.jpg?fit=1020%2C476&resize=350%2C200","width":350,"height":200},"classes":[]},{"id":3763,"url":"http:\/\/www.biolog.world\/en\/studienlehrgang-2019-2\/","url_meta":{"origin":3830,"position":1},"title":"Studienlehrgang 2019","date":"Tuesday September 11th, 2018","format":false,"excerpt":"Wir freuen uns sehr, f\u00fcr August 2019 einen weiteren Studienlehrgang \"von allem sein\" ausschreiben zu k\u00f6nnen.\u00a0 F\u00fcr 10 Teilnehmerinnen und\u00a0Teilnehmer er\u00f6ffnet\u00a0sich die einzigartige M\u00f6glichkeit, zu lehrenden Pers\u00f6nlichkeiten heranzuwachsen,\u00a0die selbst verbundenes Wissen erlangt haben und die menschliche Entwicklung aus der Perspektive einer tiefgehenden Weltbeziehung begleiten. Dieses\u00a0intensive, dreij\u00e4hrige Studium\u00a0erm\u00f6glicht\u00a0interessierten Menschen, selbstt\u00e4tig und\u2026","rel":"","context":"In &quot;Allgemein&quot;","img":{"alt_text":"","src":"https:\/\/i0.wp.com\/www.biolog.world\/wp-content\/uploads\/2018\/09\/blog.jpg?fit=1020%2C476&resize=350%2C200","width":350,"height":200},"classes":[]},{"id":3373,"url":"http:\/\/www.biolog.world\/en\/studienlehrgang-2019\/","url_meta":{"origin":3830,"position":2},"title":"Study course 2019","date":"Wednesday April 25th, 2018","format":false,"excerpt":"We are looking forward to the first module of the study course \"von allem sein\". Deeply woven into the Arctic world, students will experience connected thinking and explore the infinite realities of the cosmos. Specially created textbooks will not only document experiences, but form the unique basis of a new\u2026","rel":"","context":"In &quot;Allgemein&quot;","img":{"alt_text":"","src":"https:\/\/i0.wp.com\/www.biolog.world\/wp-content\/uploads\/2018\/04\/owl.jpg?fit=1020%2C476&resize=350%2C200","width":350,"height":200},"classes":[]},{"id":1009,"url":"http:\/\/www.biolog.world\/en\/informationstag-zum-studienlehrgang\/","url_meta":{"origin":3830,"position":3},"title":"Information day for the Montessori study course","date":"Monday August 28th, 2017","format":false,"excerpt":"In the summer of 2018, for the first time in Europe, a Montessori study course, dealing with the years of higher education will be starting. Maria Montessori also thought about this part of life, some of which has been handed down in her writings. Our course \"Beyond Everything\" brings these\u2026","rel":"","context":"In &quot;Allgemein&quot;","img":{"alt_text":"","src":"https:\/\/i0.wp.com\/www.biolog.world\/wp-content\/uploads\/2017\/08\/ekkeroy.jpg?fit=1024%2C476&resize=350%2C200","width":350,"height":200},"classes":[]},{"id":4041,"url":"http:\/\/www.biolog.world\/en\/es-passiert-nichts\/","url_meta":{"origin":3830,"position":4},"title":"es passiert nichts","date":"Sunday September 15th, 2019","format":false,"excerpt":"Es passiert nichts. Im immer noch vorherrschenden Weltbild des 19. Jahrhunderts pr\u00e4gt das Unverbundene stets die Modulation des Geschehens. Das kleine W\u00f6rtchen \"es\" dr\u00fcckt eine Ebene, eine Instanz aus, die einem, seit dem Beginn des 20. Jahrhunderts g\u00fcltigen, Weltbild vollkommen widerspricht. Folgt man dem Weltbild der holistischen Physik, wie Hans\u2026","rel":"","context":"In &quot;Allgemein&quot;","img":{"alt_text":"","src":"https:\/\/i0.wp.com\/www.biolog.world\/wp-content\/uploads\/2019\/09\/blog.jpg?fit=1020%2C476&resize=350%2C200","width":350,"height":200},"classes":[]},{"id":706,"url":"http:\/\/www.biolog.world\/en\/vorbereitungen-zum-studienlehrgang\/","url_meta":{"origin":3830,"position":5},"title":"Montessori Adolescent Studies-course in progress","date":"Tuesday August  8th, 2017","format":false,"excerpt":"Visiting the Varanger Peninsula, we have finished our preparations for the Intensive Course for Montessori Adolescent Studies starting July 2018. Enclosed you can find some pictures of the wonderful surrounding of Ekker\u00f8y where the course will be held. greetings from Arctic Varanger Uwe Kranner [soliloquy id=\"707\"]","rel":"","context":"In &quot;Allgemein&quot;","img":{"alt_text":"","src":"https:\/\/i0.wp.com\/www.biolog.world\/wp-content\/uploads\/2017\/08\/odins.jpg?fit=1024%2C476&resize=350%2C200","width":350,"height":200},"classes":[]}],"_links":{"self":[{"href":"http:\/\/www.biolog.world\/en\/wp-json\/wp\/v2\/posts\/3830"}],"collection":[{"href":"http:\/\/www.biolog.world\/en\/wp-json\/wp\/v2\/posts"}],"about":[{"href":"http:\/\/www.biolog.world\/en\/wp-json\/wp\/v2\/types\/post"}],"author":[{"embeddable":true,"href":"http:\/\/www.biolog.world\/en\/wp-json\/wp\/v2\/users\/1"}],"replies":[{"embeddable":true,"href":"http:\/\/www.biolog.world\/en\/wp-json\/wp\/v2\/comments?post=3830"}],"version-history":[{"count":1,"href":"http:\/\/www.biolog.world\/en\/wp-json\/wp\/v2\/posts\/3830\/revisions"}],"predecessor-version":[{"id":3831,"href":"http:\/\/www.biolog.world\/en\/wp-json\/wp\/v2\/posts\/3830\/revisions\/3831"}],"wp:featuredmedia":[{"embeddable":true,"href":"http:\/\/www.biolog.world\/en\/wp-json\/wp\/v2\/media\/3821"}],"wp:attachment":[{"href":"http:\/\/www.biolog.world\/en\/wp-json\/wp\/v2\/media?parent=3830"}],"wp:term":[{"taxonomy":"category","embeddable":true,"href":"http:\/\/www.biolog.world\/en\/wp-json\/wp\/v2\/categories?post=3830"},{"taxonomy":"post_tag","embeddable":true,"href":"http:\/\/www.biolog.world\/en\/wp-json\/wp\/v2\/tags?post=3830"}],"curies":[{"name":"wp","href":"https:\/\/api.w.org\/{rel}","templated":true}]}}