{"id":3595,"date":"2018-07-04T21:22:23","date_gmt":"2018-07-04T19:22:23","guid":{"rendered":"http:\/\/www.biolog.world\/?p=3595"},"modified":"2018-07-04T21:26:07","modified_gmt":"2018-07-04T19:26:07","slug":"sonne-aus-dem-norden","status":"publish","type":"post","link":"http:\/\/www.biolog.world\/en\/sonne-aus-dem-norden\/","title":{"rendered":"Sonne aus dem Norden"},"content":{"rendered":"<p class=\"qtranxs-available-languages-message qtranxs-available-languages-message-en\">Sorry, this entry is only available in <a href=\"http:\/\/www.biolog.world\/de\/wp-json\/wp\/v2\/posts\/3595\" class=\"qtranxs-available-language-link qtranxs-available-language-link-de\" title=\"Deutsch\">German<\/a>. For the sake of viewer convenience, the content is shown below in the alternative language. You may click the link to switch the active language.<\/p><p>Die Sonne erstrahlt rund um die Sommersonnenwende in arktischen Gebieten kurz nach Mitternacht aus n\u00f6rdlicher Richtung. Wenn dann noch der Mond im S\u00fcden erscheint, stehen sich diese beiden Himmelsk\u00f6rper gegen\u00fcber.<\/p>\n<p>Ein ganz besonderes Ph\u00e4nomen des hohen Nordens.<\/p>\n<p>Unsere jungen Studentinnen und Studenten der Dorfschule, welche sich gerade auf Studienreise in Lappland befinden, erleben das besondere Licht des Nordens, die Mitternachtssonne und die Flora und Fauna der Arktis zur Zeit hautnah.<\/p>\n<p>Dar\u00fcber berichten sie auf ihrem YouTube-Kanal\u00a0<span style=\"color: #808000;\"><strong><a style=\"color: #808000;\" href=\"https:\/\/www.youtube.com\/channel\/UCzNbD50uRDQbi7zSi1oDYug\">The Whisper of the North<\/a><\/strong><\/span> alle zwei Tage, sehenswerte Kurzfilme aus intensiven Tagen im Norden Europas.<\/p>\n<p>F\u00fcr die Teilnehmerinnen und Teilnehmer des Studienlehrgangs <strong><span style=\"color: #808000;\"><a style=\"color: #808000;\" href=\"http:\/\/www.biolog.world\/studienlehrgang\/\">von allem sein<\/a><\/span><\/strong>, wird die Welt jenseits des 66. Breitengrades ebenfalls in wenigen Tagen zum sommerlichen Studienplatz, wenn sie auf der Insel Ekker\u00f8y eintreffen.<\/p>\n<p>Auch davon werden wir in Form von Kurzfilmen berichten, dazu im n\u00e4chsten Blog mehr.<\/p>","protected":false},"excerpt":{"rendered":"<p>Sorry, this entry is only available in German. For the sake of viewer convenience, the content is shown below in the alternative language. You may click the link to switch the active language.Die Sonne erstrahlt rund um die Sommersonnenwende in arktischen Gebieten kurz nach Mitternacht aus n\u00f6rdlicher Richtung. Wenn dann noch der Mond im S\u00fcden &hellip; <a href=\"http:\/\/www.biolog.world\/en\/sonne-aus-dem-norden\/\" class=\"excerpt-link\">Read More<\/a><\/p>\n","protected":false},"author":1,"featured_media":3596,"comment_status":"closed","ping_status":"closed","sticky":false,"template":"","format":"standard","meta":{"jetpack_publicize_message":"","jetpack_is_tweetstorm":false,"jetpack_publicize_feature_enabled":true},"categories":[1],"tags":[],"jetpack_publicize_connections":[],"jetpack_featured_media_url":"https:\/\/i0.wp.com\/www.biolog.world\/wp-content\/uploads\/2018\/07\/loom.jpg?fit=1020%2C476","jetpack_sharing_enabled":true,"jetpack_shortlink":"https:\/\/wp.me\/p7OThW-VZ","jetpack-related-posts":[{"id":4010,"url":"http:\/\/www.biolog.world\/en\/veraenderliches-leben\/","url_meta":{"origin":3595,"position":0},"title":"Ver\u00e4nderliches Leben","date":"Tuesday June  4th, 2019","format":false,"excerpt":"Wenn sich die Mitternachtssonne in sattem Orange \u00fcber die nordische K\u00fcstenlandschaft, das gebirgige Fjell und die boreale Welt der sibirischen Taiga legt, erstrahlt sie nahe dem Horizont aus dem Norden und hat im Laufe ihres Tages die arktische Lebenswelt von allen Seiten beleuchtet. Mit dem sommerlichen Lauf der Sonne jenseits\u2026","rel":"","context":"In &quot;Allgemein&quot;","img":{"alt_text":"","src":"https:\/\/i0.wp.com\/www.biolog.world\/wp-content\/uploads\/2018\/09\/blog.jpg?fit=1020%2C476&resize=350%2C200","width":350,"height":200},"classes":[]},{"id":807,"url":"http:\/\/www.biolog.world\/en\/arctic-montessori-institute\/","url_meta":{"origin":3595,"position":1},"title":"Arctic Montessori Institute","date":"Monday August 21st, 2017","format":false,"excerpt":"With the start of our Montessori study course in the summer of 2018, we will be opening the Arctic Montessori Institute on the idyllic island of Ekker\u00f8y in the north of Norway. Where we have had numerous study trips with the secondary school children: in arctic plains. Why in this\u2026","rel":"","context":"In &quot;Allgemein&quot;","img":{"alt_text":"","src":"https:\/\/i0.wp.com\/www.biolog.world\/wp-content\/uploads\/2017\/08\/arcticblog.jpg?fit=1024%2C476&resize=350%2C200","width":350,"height":200},"classes":[]},{"id":4529,"url":"http:\/\/www.biolog.world\/en\/zukunft-beginnt\/","url_meta":{"origin":3595,"position":2},"title":"Zukunft beginnt","date":"Tuesday August 30th, 2022","format":false,"excerpt":"\"Zukunft beginnt, wenn Kinder werden, was wir noch nicht sein k\u00f6nnen\" Wie also wollen wir leben, erziehen und bilden, damit unseren Kindern wieder eine Zukunft zu Teil wird und nicht blo\u00df ein unbekannter Teil der Vergangenheit. Es liegt an uns Erwachsenen. Wir m\u00fcssen uns jene Haltungen und jenes Weltwissen aneignen,\u2026","rel":"","context":"In &quot;Allgemein&quot;","img":{"alt_text":"","src":"https:\/\/i0.wp.com\/www.biolog.world\/wp-content\/uploads\/2022\/08\/vonallemsein.jpg?fit=1020%2C476&resize=350%2C200","width":350,"height":200},"classes":[]},{"id":706,"url":"http:\/\/www.biolog.world\/en\/vorbereitungen-zum-studienlehrgang\/","url_meta":{"origin":3595,"position":3},"title":"Montessori Adolescent Studies-course in progress","date":"Tuesday August  8th, 2017","format":false,"excerpt":"Visiting the Varanger Peninsula, we have finished our preparations for the Intensive Course for Montessori Adolescent Studies starting July 2018. Enclosed you can find some pictures of the wonderful surrounding of Ekker\u00f8y where the course will be held. greetings from Arctic Varanger Uwe Kranner [soliloquy id=\"707\"]","rel":"","context":"In &quot;Allgemein&quot;","img":{"alt_text":"","src":"https:\/\/i0.wp.com\/www.biolog.world\/wp-content\/uploads\/2017\/08\/odins.jpg?fit=1024%2C476&resize=350%2C200","width":350,"height":200},"classes":[]},{"id":4347,"url":"http:\/\/www.biolog.world\/en\/studieren-in-lappland-in-begleitung-eines-zoologen\/","url_meta":{"origin":3595,"position":4},"title":"Studying in the company of a zoologist","date":"Monday June 28th, 2021","format":false,"excerpt":"The preparations for the upcoming study course, which starts in summer 2022, are almost complete.The house by the sea and the old village school are already waiting for visitors from more southern latitudes, and now zoologist Dr. Manfred Pintar has also accepted our invitation to the far north. What a\u2026","rel":"","context":"In &quot;Allgemein&quot;","img":{"alt_text":"","src":"https:\/\/i0.wp.com\/www.biolog.world\/wp-content\/uploads\/2020\/02\/fly-e1630318613887.jpg?fit=1020%2C476&resize=350%2C200","width":350,"height":200},"classes":[]},{"id":1697,"url":"http:\/\/www.biolog.world\/en\/es-war-ein-gutes-jahr\/","url_meta":{"origin":3595,"position":5},"title":"a good year","date":"Saturday December  9th, 2017","format":false,"excerpt":"The first study course \"von allem sein\" was launched this year and the first group of committed educators will set off. For three years, they will gain experience and study in a wonderful atmosphere, and in the future, uniquely accompany young people on their way to transforming the world. Another\u2026","rel":"","context":"In &quot;Allgemein&quot;","img":{"alt_text":"","src":"https:\/\/i0.wp.com\/www.biolog.world\/wp-content\/uploads\/2017\/12\/norway.jpg?fit=1024%2C476&resize=350%2C200","width":350,"height":200},"classes":[]}],"_links":{"self":[{"href":"http:\/\/www.biolog.world\/en\/wp-json\/wp\/v2\/posts\/3595"}],"collection":[{"href":"http:\/\/www.biolog.world\/en\/wp-json\/wp\/v2\/posts"}],"about":[{"href":"http:\/\/www.biolog.world\/en\/wp-json\/wp\/v2\/types\/post"}],"author":[{"embeddable":true,"href":"http:\/\/www.biolog.world\/en\/wp-json\/wp\/v2\/users\/1"}],"replies":[{"embeddable":true,"href":"http:\/\/www.biolog.world\/en\/wp-json\/wp\/v2\/comments?post=3595"}],"version-history":[{"count":3,"href":"http:\/\/www.biolog.world\/en\/wp-json\/wp\/v2\/posts\/3595\/revisions"}],"predecessor-version":[{"id":3599,"href":"http:\/\/www.biolog.world\/en\/wp-json\/wp\/v2\/posts\/3595\/revisions\/3599"}],"wp:featuredmedia":[{"embeddable":true,"href":"http:\/\/www.biolog.world\/en\/wp-json\/wp\/v2\/media\/3596"}],"wp:attachment":[{"href":"http:\/\/www.biolog.world\/en\/wp-json\/wp\/v2\/media?parent=3595"}],"wp:term":[{"taxonomy":"category","embeddable":true,"href":"http:\/\/www.biolog.world\/en\/wp-json\/wp\/v2\/categories?post=3595"},{"taxonomy":"post_tag","embeddable":true,"href":"http:\/\/www.biolog.world\/en\/wp-json\/wp\/v2\/tags?post=3595"}],"curies":[{"name":"wp","href":"https:\/\/api.w.org\/{rel}","templated":true}]}}