{"id":3530,"date":"2018-05-08T20:11:41","date_gmt":"2018-05-08T18:11:41","guid":{"rendered":"http:\/\/www.biolog.world\/?p=3530"},"modified":"2018-07-04T21:02:51","modified_gmt":"2018-07-04T19:02:51","slug":"auf-die-haltung-allein-kommt-es-an","status":"publish","type":"post","link":"http:\/\/www.biolog.world\/en\/auf-die-haltung-allein-kommt-es-an\/","title":{"rendered":"Auf die Haltung allein kommt es an."},"content":{"rendered":"<p class=\"qtranxs-available-languages-message qtranxs-available-languages-message-en\">Sorry, this entry is only available in <a href=\"http:\/\/www.biolog.world\/de\/wp-json\/wp\/v2\/posts\/3530\" class=\"qtranxs-available-language-link qtranxs-available-language-link-de\" title=\"Deutsch\">German<\/a>. For the sake of viewer convenience, the content is shown below in the alternative language. You may click the link to switch the active language.<\/p><p><em>&#8220;Auf die Haltung allein kommt es an. Denn nur sie allein ist von Dauer und nicht das Ziel, das nur ein Trugbild des Wanderers ist, wenn er von Grat zu Grat fortschreitet, als ob dem erreichten Ziel ein Sinn innewohnte.&#8221;<\/em><\/p>\n<p>Antoine de Saint-Exup\u00e9ry, &#8220;Die Stadt in der W\u00fcste&#8221;.<\/p>\n<p>Noch immer entwirft die P\u00e4dagogik einen Kompetenzkatalog nach dem anderen und gibt vor, Wissen vermitteln zu k\u00f6nnen. Sie ma\u00dft sich unabl\u00e4ssig an, selbst zu wissen, welches Wissen zu wissen ist. An Stelle von Vertrauen, dass wesentliche Erfahrungen Wirkung entfalten, wird Wissen abgepr\u00fcft und das Ablegen eines solchen Verh\u00f6res als Zeugnis verewigt. An Stelle einer Zukunft die entstehen k\u00f6nnte, erscheint somit im Leben vieler heranwachsender Menschen blo\u00df eine unbekannte Vergangenheit.<\/p>\n<p>So werden nach wie vor Generationen von jungen Menschen abgehalten, sich eine Welt der Wirklichkeit anzuverwandeln und sie finden sich in einer bereits definierten Realit\u00e4t wieder, die oftmals wenig an Lebendigkeit, Menschlichkeit und Liebe zu geben hat.<\/p>\n<p>Aber: Auf die Haltung allein kommt es an. Damit den wandernden Kindern und Jugendlichen kein Trugbild mehr mit auf den Weg gegeben wird, m\u00fcssen Erwachsene ihnen als vernetzt denkende und vernetzt lehrende Begleiter zur Seite stehen. Erwachsene, die nicht wissen, sondern sind. Und neben ihren besonderen F\u00e4higkeiten sollten sie <a href=\"http:\/\/www.biolog.world\/studienlehrgang\/\">von allem sein<\/a>.<\/p>\n<p>Denn: Auf die Haltung allein kommt es an!<\/p>\n<p>&nbsp;<\/p>","protected":false},"excerpt":{"rendered":"<p>Sorry, this entry is only available in German. For the sake of viewer convenience, the content is shown below in the alternative language. You may click the link to switch the active language.&#8220;Auf die Haltung allein kommt es an. Denn nur sie allein ist von Dauer und nicht das Ziel, das nur ein Trugbild des &hellip; <a href=\"http:\/\/www.biolog.world\/en\/auf-die-haltung-allein-kommt-es-an\/\" class=\"excerpt-link\">Read More<\/a><\/p>\n","protected":false},"author":1,"featured_media":3594,"comment_status":"closed","ping_status":"closed","sticky":false,"template":"","format":"standard","meta":{"jetpack_publicize_message":"","jetpack_is_tweetstorm":false,"jetpack_publicize_feature_enabled":true},"categories":[1],"tags":[],"jetpack_publicize_connections":[],"jetpack_featured_media_url":"https:\/\/i0.wp.com\/www.biolog.world\/wp-content\/uploads\/2018\/05\/swan-1.jpg?fit=1020%2C476","jetpack_sharing_enabled":true,"jetpack_shortlink":"https:\/\/wp.me\/p7OThW-UW","jetpack-related-posts":[{"id":3864,"url":"http:\/\/www.biolog.world\/en\/bildung-ist-lebensform\/","url_meta":{"origin":3530,"position":0},"title":"Bildung ist Lebensform","date":"Wednesday November  7th, 2018","format":false,"excerpt":"\u201eBildung ist Lebensform; diese hat zu ihrem R\u00fcckgrat Disziplin als Denkenk\u00f6nnen und zu ihrem Raum geordnetes Wissen. Anschauung von Gestalten des Gewesenen, Erkenntnis als zwingend g\u00fcltige Einsichten, Kenntnis von Sachen und Zuhausesein in Sprachen sind ihr Stoff.\u201c\u00a0 (Karl Jaspers-Die geistige Situation der Zeit) Die Bl\u00fcte dieser Lebensform ist der\u00a0Mensch, der\u2026","rel":"","context":"In &quot;Allgemein&quot;","img":{"alt_text":"","src":"https:\/\/i0.wp.com\/www.biolog.world\/wp-content\/uploads\/2018\/11\/still.jpg?fit=1020%2C476&resize=350%2C200","width":350,"height":200},"classes":[]},{"id":3763,"url":"http:\/\/www.biolog.world\/en\/studienlehrgang-2019-2\/","url_meta":{"origin":3530,"position":1},"title":"Studienlehrgang 2019","date":"Tuesday September 11th, 2018","format":false,"excerpt":"Wir freuen uns sehr, f\u00fcr August 2019 einen weiteren Studienlehrgang \"von allem sein\" ausschreiben zu k\u00f6nnen.\u00a0 F\u00fcr 10 Teilnehmerinnen und\u00a0Teilnehmer er\u00f6ffnet\u00a0sich die einzigartige M\u00f6glichkeit, zu lehrenden Pers\u00f6nlichkeiten heranzuwachsen,\u00a0die selbst verbundenes Wissen erlangt haben und die menschliche Entwicklung aus der Perspektive einer tiefgehenden Weltbeziehung begleiten. Dieses\u00a0intensive, dreij\u00e4hrige Studium\u00a0erm\u00f6glicht\u00a0interessierten Menschen, selbstt\u00e4tig und\u2026","rel":"","context":"In &quot;Allgemein&quot;","img":{"alt_text":"","src":"https:\/\/i0.wp.com\/www.biolog.world\/wp-content\/uploads\/2018\/09\/blog.jpg?fit=1020%2C476&resize=350%2C200","width":350,"height":200},"classes":[]},{"id":4041,"url":"http:\/\/www.biolog.world\/en\/es-passiert-nichts\/","url_meta":{"origin":3530,"position":2},"title":"es passiert nichts","date":"Sunday September 15th, 2019","format":false,"excerpt":"Es passiert nichts. Im immer noch vorherrschenden Weltbild des 19. Jahrhunderts pr\u00e4gt das Unverbundene stets die Modulation des Geschehens. Das kleine W\u00f6rtchen \"es\" dr\u00fcckt eine Ebene, eine Instanz aus, die einem, seit dem Beginn des 20. Jahrhunderts g\u00fcltigen, Weltbild vollkommen widerspricht. Folgt man dem Weltbild der holistischen Physik, wie Hans\u2026","rel":"","context":"In &quot;Allgemein&quot;","img":{"alt_text":"","src":"https:\/\/i0.wp.com\/www.biolog.world\/wp-content\/uploads\/2019\/09\/blog.jpg?fit=1020%2C476&resize=350%2C200","width":350,"height":200},"classes":[]},{"id":3830,"url":"http:\/\/www.biolog.world\/en\/infotag-zum-studienlehrgang\/","url_meta":{"origin":3530,"position":3},"title":"Infotag zum Studienlehrgang","date":"Tuesday October  2nd, 2018","format":false,"excerpt":"von allem sein | Montessori Studienlehrgang 2019 \"Man schafft niemals Ver\u00e4nderung, indem man das Bestehende bek\u00e4mpft. Um etwas zu ver\u00e4ndern, baut man neue Modelle, die das Alte \u00fcberfl\u00fcssig machen.\" (R. Buckminster Fuller) In einem neuen Modell einer Bildung wird nicht die \u00dcberpr\u00fcfbarkeit von Wissen im Vordergrund stehen, sondern der Anteil\u2026","rel":"","context":"In &quot;Allgemein&quot;","img":{"alt_text":"","src":"https:\/\/i0.wp.com\/www.biolog.world\/wp-content\/uploads\/2018\/10\/midnight.jpg?fit=1020%2C476&resize=350%2C200","width":350,"height":200},"classes":[]},{"id":4459,"url":"http:\/\/www.biolog.world\/en\/das-verbindende-ueber-das-trennende-stellen\/","url_meta":{"origin":3530,"position":4},"title":"das Verbindende \u00fcber das Trennende stellen","date":"Tuesday November  9th, 2021","format":false,"excerpt":"\"Erst wenn Gedichte und Geschichten,\u00a0das Herz wieder gerade richten,...\u00a0dann fliegt vor einem geheimen Wort,\u00a0das ganze verkehrte Wesen fort.\" dichtet Konstantin Wecker in Fortf\u00fchrung der Zeilen von Novalis. Poesie und Geschichten einer verbundenen Welt fordern also die Poeten und allerorts ist davon die Rede, das Verbindende doch wieder \u00fcber das Trennende\u2026","rel":"","context":"In &quot;Allgemein&quot;","img":{"alt_text":"","src":"https:\/\/i0.wp.com\/www.biolog.world\/wp-content\/uploads\/2021\/11\/blog.jpg?fit=1020%2C476&resize=350%2C200","width":350,"height":200},"classes":[]},{"id":4474,"url":"http:\/\/www.biolog.world\/en\/es-gibt-keine-weg-nur-gehen\/","url_meta":{"origin":3530,"position":5},"title":"Es gibt keinen Weg. Nur gehen.","date":"Sunday November 21st, 2021","format":false,"excerpt":"Wir leben in einer Zeit gro\u00dfer Herausforderungen. Viele Menschen stehen an Grenzen, die sie kaum \u00fcberwinden k\u00f6nnen. Grenzen der Belastbarkeit, Grenzen des Verstehens, Grenzen der Zuversicht, Grenzen der Hoffnung. Andere wieder, versuchen diese Grenzen aus ihrer Wahrnehmung zu verdr\u00e4ngen um \u00fcberleben zu k\u00f6nnen. Es sind jene, welche zu Tausenden aus\u2026","rel":"","context":"In &quot;Allgemein&quot;","img":{"alt_text":"","src":"https:\/\/i0.wp.com\/www.biolog.world\/wp-content\/uploads\/2021\/11\/Z9A2629-scaled.jpg?fit=1200%2C560&resize=350%2C200","width":350,"height":200},"classes":[]}],"_links":{"self":[{"href":"http:\/\/www.biolog.world\/en\/wp-json\/wp\/v2\/posts\/3530"}],"collection":[{"href":"http:\/\/www.biolog.world\/en\/wp-json\/wp\/v2\/posts"}],"about":[{"href":"http:\/\/www.biolog.world\/en\/wp-json\/wp\/v2\/types\/post"}],"author":[{"embeddable":true,"href":"http:\/\/www.biolog.world\/en\/wp-json\/wp\/v2\/users\/1"}],"replies":[{"embeddable":true,"href":"http:\/\/www.biolog.world\/en\/wp-json\/wp\/v2\/comments?post=3530"}],"version-history":[{"count":5,"href":"http:\/\/www.biolog.world\/en\/wp-json\/wp\/v2\/posts\/3530\/revisions"}],"predecessor-version":[{"id":3538,"href":"http:\/\/www.biolog.world\/en\/wp-json\/wp\/v2\/posts\/3530\/revisions\/3538"}],"wp:featuredmedia":[{"embeddable":true,"href":"http:\/\/www.biolog.world\/en\/wp-json\/wp\/v2\/media\/3594"}],"wp:attachment":[{"href":"http:\/\/www.biolog.world\/en\/wp-json\/wp\/v2\/media?parent=3530"}],"wp:term":[{"taxonomy":"category","embeddable":true,"href":"http:\/\/www.biolog.world\/en\/wp-json\/wp\/v2\/categories?post=3530"},{"taxonomy":"post_tag","embeddable":true,"href":"http:\/\/www.biolog.world\/en\/wp-json\/wp\/v2\/tags?post=3530"}],"curies":[{"name":"wp","href":"https:\/\/api.w.org\/{rel}","templated":true}]}}