{"id":3373,"date":"2018-04-25T09:58:02","date_gmt":"2018-04-25T07:58:02","guid":{"rendered":"http:\/\/www.biolog.world\/?p=3373"},"modified":"2018-04-28T17:58:28","modified_gmt":"2018-04-28T15:58:28","slug":"studienlehrgang-2019","status":"publish","type":"post","link":"http:\/\/www.biolog.world\/en\/studienlehrgang-2019\/","title":{"rendered":"Study course 2019"},"content":{"rendered":"<p>We are looking forward to the first module of the study course <a href=\"http:\/\/www.biolog.world\/en\/studienlehrgang\/\">&#8220;von allem sein&#8221;<\/a>. Deeply woven into the Arctic world, students will experience connected thinking and explore the infinite realities of the cosmos. Specially created textbooks will not only document experiences, but form the unique basis of a new holistic educational curriculum.<\/p>\n<p>The connectedness of all existing school subjects creates a new reality, from which the teachers continue to draw from, to accompany children into a future that no longer represents just an unknown past.<\/p>\n<p><a href=\"http:\/\/www.biolog.world\/en\/studienlehrgang\/\">&#8220;Von allem sein&#8221;<\/a> also means committing to a reality which the sciences and arts have given us over the last few decades. It&#8217;s about the whole.<\/p>\n<p>Due to the overwhelming interest of the study course, we are delighted to announce a further course for 2019.<br \/>\nRegistration is possible from now on. An information day is going to take place on 27<sup>th<\/sup> October 2018 in the Dorfschule, Kleineberharts.<\/p>\n<p>For a further 10 participants, a very special journey begins in the summer 2019 &#8230; <a href=\"http:\/\/www.biolog.world\/en\/studienlehrgang\/\">&#8220;von allem sein&#8221;<\/a><\/p>","protected":false},"excerpt":{"rendered":"<p>We are looking forward to the first module of the study course &#8220;von allem sein&#8221;. Deeply woven into the Arctic world, students will experience connected thinking and explore the infinite realities of the cosmos. Specially created textbooks will not only document experiences, but form the unique basis of a new holistic educational curriculum. The connectedness &hellip; <a href=\"http:\/\/www.biolog.world\/en\/studienlehrgang-2019\/\" class=\"excerpt-link\">Read More<\/a><\/p>\n","protected":false},"author":1,"featured_media":3376,"comment_status":"closed","ping_status":"closed","sticky":false,"template":"","format":"standard","meta":{"jetpack_publicize_message":"","jetpack_is_tweetstorm":false,"jetpack_publicize_feature_enabled":true},"categories":[1],"tags":[],"jetpack_publicize_connections":[],"jetpack_featured_media_url":"https:\/\/i0.wp.com\/www.biolog.world\/wp-content\/uploads\/2018\/04\/owl.jpg?fit=1020%2C476","jetpack_sharing_enabled":true,"jetpack_shortlink":"https:\/\/wp.me\/p7OThW-Sp","jetpack-related-posts":[{"id":3763,"url":"http:\/\/www.biolog.world\/en\/studienlehrgang-2019-2\/","url_meta":{"origin":3373,"position":0},"title":"Studienlehrgang 2019","date":"Tuesday September 11th, 2018","format":false,"excerpt":"Wir freuen uns sehr, f\u00fcr August 2019 einen weiteren Studienlehrgang \"von allem sein\" ausschreiben zu k\u00f6nnen.\u00a0 F\u00fcr 10 Teilnehmerinnen und\u00a0Teilnehmer er\u00f6ffnet\u00a0sich die einzigartige M\u00f6glichkeit, zu lehrenden Pers\u00f6nlichkeiten heranzuwachsen,\u00a0die selbst verbundenes Wissen erlangt haben und die menschliche Entwicklung aus der Perspektive einer tiefgehenden Weltbeziehung begleiten. Dieses\u00a0intensive, dreij\u00e4hrige Studium\u00a0erm\u00f6glicht\u00a0interessierten Menschen, selbstt\u00e4tig und\u2026","rel":"","context":"In &quot;Allgemein&quot;","img":{"alt_text":"","src":"https:\/\/i0.wp.com\/www.biolog.world\/wp-content\/uploads\/2018\/09\/blog.jpg?fit=1020%2C476&resize=350%2C200","width":350,"height":200},"classes":[]},{"id":3830,"url":"http:\/\/www.biolog.world\/en\/infotag-zum-studienlehrgang\/","url_meta":{"origin":3373,"position":1},"title":"Infotag zum Studienlehrgang","date":"Tuesday October  2nd, 2018","format":false,"excerpt":"von allem sein | Montessori Studienlehrgang 2019 \"Man schafft niemals Ver\u00e4nderung, indem man das Bestehende bek\u00e4mpft. Um etwas zu ver\u00e4ndern, baut man neue Modelle, die das Alte \u00fcberfl\u00fcssig machen.\" (R. Buckminster Fuller) In einem neuen Modell einer Bildung wird nicht die \u00dcberpr\u00fcfbarkeit von Wissen im Vordergrund stehen, sondern der Anteil\u2026","rel":"","context":"In &quot;Allgemein&quot;","img":{"alt_text":"","src":"https:\/\/i0.wp.com\/www.biolog.world\/wp-content\/uploads\/2018\/10\/midnight.jpg?fit=1020%2C476&resize=350%2C200","width":350,"height":200},"classes":[]},{"id":3864,"url":"http:\/\/www.biolog.world\/en\/bildung-ist-lebensform\/","url_meta":{"origin":3373,"position":2},"title":"Bildung ist Lebensform","date":"Wednesday November  7th, 2018","format":false,"excerpt":"\u201eBildung ist Lebensform; diese hat zu ihrem R\u00fcckgrat Disziplin als Denkenk\u00f6nnen und zu ihrem Raum geordnetes Wissen. Anschauung von Gestalten des Gewesenen, Erkenntnis als zwingend g\u00fcltige Einsichten, Kenntnis von Sachen und Zuhausesein in Sprachen sind ihr Stoff.\u201c\u00a0 (Karl Jaspers-Die geistige Situation der Zeit) Die Bl\u00fcte dieser Lebensform ist der\u00a0Mensch, der\u2026","rel":"","context":"In &quot;Allgemein&quot;","img":{"alt_text":"","src":"https:\/\/i0.wp.com\/www.biolog.world\/wp-content\/uploads\/2018\/11\/still.jpg?fit=1020%2C476&resize=350%2C200","width":350,"height":200},"classes":[]},{"id":1009,"url":"http:\/\/www.biolog.world\/en\/informationstag-zum-studienlehrgang\/","url_meta":{"origin":3373,"position":3},"title":"Information day for the Montessori study course","date":"Monday August 28th, 2017","format":false,"excerpt":"In the summer of 2018, for the first time in Europe, a Montessori study course, dealing with the years of higher education will be starting. Maria Montessori also thought about this part of life, some of which has been handed down in her writings. Our course \"Beyond Everything\" brings these\u2026","rel":"","context":"In &quot;Allgemein&quot;","img":{"alt_text":"","src":"https:\/\/i0.wp.com\/www.biolog.world\/wp-content\/uploads\/2017\/08\/ekkeroy.jpg?fit=1024%2C476&resize=350%2C200","width":350,"height":200},"classes":[]},{"id":706,"url":"http:\/\/www.biolog.world\/en\/vorbereitungen-zum-studienlehrgang\/","url_meta":{"origin":3373,"position":4},"title":"Montessori Adolescent Studies-course in progress","date":"Tuesday August  8th, 2017","format":false,"excerpt":"Visiting the Varanger Peninsula, we have finished our preparations for the Intensive Course for Montessori Adolescent Studies starting July 2018. Enclosed you can find some pictures of the wonderful surrounding of Ekker\u00f8y where the course will be held. greetings from Arctic Varanger Uwe Kranner [soliloquy id=\"707\"]","rel":"","context":"In &quot;Allgemein&quot;","img":{"alt_text":"","src":"https:\/\/i0.wp.com\/www.biolog.world\/wp-content\/uploads\/2017\/08\/odins.jpg?fit=1024%2C476&resize=350%2C200","width":350,"height":200},"classes":[]},{"id":4529,"url":"http:\/\/www.biolog.world\/en\/zukunft-beginnt\/","url_meta":{"origin":3373,"position":5},"title":"Zukunft beginnt","date":"Tuesday August 30th, 2022","format":false,"excerpt":"\"Zukunft beginnt, wenn Kinder werden, was wir noch nicht sein k\u00f6nnen\" Wie also wollen wir leben, erziehen und bilden, damit unseren Kindern wieder eine Zukunft zu Teil wird und nicht blo\u00df ein unbekannter Teil der Vergangenheit. Es liegt an uns Erwachsenen. Wir m\u00fcssen uns jene Haltungen und jenes Weltwissen aneignen,\u2026","rel":"","context":"In &quot;Allgemein&quot;","img":{"alt_text":"","src":"https:\/\/i0.wp.com\/www.biolog.world\/wp-content\/uploads\/2022\/08\/vonallemsein.jpg?fit=1020%2C476&resize=350%2C200","width":350,"height":200},"classes":[]}],"_links":{"self":[{"href":"http:\/\/www.biolog.world\/en\/wp-json\/wp\/v2\/posts\/3373"}],"collection":[{"href":"http:\/\/www.biolog.world\/en\/wp-json\/wp\/v2\/posts"}],"about":[{"href":"http:\/\/www.biolog.world\/en\/wp-json\/wp\/v2\/types\/post"}],"author":[{"embeddable":true,"href":"http:\/\/www.biolog.world\/en\/wp-json\/wp\/v2\/users\/1"}],"replies":[{"embeddable":true,"href":"http:\/\/www.biolog.world\/en\/wp-json\/wp\/v2\/comments?post=3373"}],"version-history":[{"count":8,"href":"http:\/\/www.biolog.world\/en\/wp-json\/wp\/v2\/posts\/3373\/revisions"}],"predecessor-version":[{"id":3506,"href":"http:\/\/www.biolog.world\/en\/wp-json\/wp\/v2\/posts\/3373\/revisions\/3506"}],"wp:featuredmedia":[{"embeddable":true,"href":"http:\/\/www.biolog.world\/en\/wp-json\/wp\/v2\/media\/3376"}],"wp:attachment":[{"href":"http:\/\/www.biolog.world\/en\/wp-json\/wp\/v2\/media?parent=3373"}],"wp:term":[{"taxonomy":"category","embeddable":true,"href":"http:\/\/www.biolog.world\/en\/wp-json\/wp\/v2\/categories?post=3373"},{"taxonomy":"post_tag","embeddable":true,"href":"http:\/\/www.biolog.world\/en\/wp-json\/wp\/v2\/tags?post=3373"}],"curies":[{"name":"wp","href":"https:\/\/api.w.org\/{rel}","templated":true}]}}