{"id":2329,"date":"2018-03-20T14:49:08","date_gmt":"2018-03-20T13:49:08","guid":{"rendered":"http:\/\/www.biolog.world\/?p=2329"},"modified":"2018-03-23T08:09:23","modified_gmt":"2018-03-23T07:09:23","slug":"es-geht-ums-ganze","status":"publish","type":"post","link":"http:\/\/www.biolog.world\/en\/es-geht-ums-ganze\/","title":{"rendered":"it&#8217;s do or die now"},"content":{"rendered":"<p><\/p>\n<p align=\"LEFT\"><span style=\"font-family: Arial, sans-serif;\"><span style=\"font-size: medium;\"><span style=\"color: #222222;\">In the continuous media storm, our attention is drawn to migration, conflicts, climate change and crime rates.<\/span> <span style=\"color: #222222;\">Excessive demands, fear and powerlessness become companions of many people, desperation destroys the last hopes, connectedness and confidence are not experienceable concepts of unknown worlds of life.<\/span><\/span><\/span><\/p>\n<p align=\"LEFT\"><span style=\"color: #222222;\"><span style=\"font-family: Arial, sans-serif;\"><span style=\"font-size: medium;\">Here and there, even diminutive self-proclaimed rescuers emerge, completely free of morality and intelligence, trying to seize power.<\/span><\/span><\/span><\/p>\n<p><span style=\"color: #222222;\"><span style=\"font-family: Arial, sans-serif;\"><span style=\"font-size: medium;\">But do not we live under a completely different cultural and world-bound heaven than we are permanently told?<\/span><\/span><\/span><\/p>\n<p><span style=\"font-family: Arial, sans-serif;\"><span style=\"font-size: medium;\"><span style=\"color: #222222;\">Hans Peter D\u00fcrr, the grandiose representative of holistic physics, always warned against giving too much importance to matter.<\/span> <span style=\"color: #222222;\">Life is more fundamental than the rigid elements, the material.<\/span><\/span><\/span><\/p>\n<p align=\"LEFT\"><span style=\"font-family: Arial, sans-serif;\"><span style=\"font-size: medium;\"><span style=\"color: #222222;\"><span lang=\"en-US\">From a <\/span><\/span><span style=\"color: #222222;\"><span lang=\"en-US\">notion<\/span><\/span><span style=\"color: #222222;\"><span lang=\"en-US\"> that is and always is, the universe redefines every moment, and <\/span><\/span><span style=\"color: #222222;\"><span lang=\"en-US\">us<\/span><\/span><span style=\"color: #222222;\"><span lang=\"en-US\"> humans are able to consciously solve and <\/span><\/span><span style=\"color: #222222;\"><span lang=\"en-US\">realise<\/span><\/span><span style=\"color: #222222;\"><span lang=\"en-US\"> thoughts from th<\/span><\/span><span style=\"color: #222222;\"><span lang=\"en-US\">is<\/span><\/span><span style=\"color: #222222;\"><span lang=\"en-US\"> idea.<\/span><\/span><\/span><\/span><\/p>\n<p><span style=\"color: #222222;\"><span style=\"font-family: Arial, sans-serif;\"><span style=\"font-size: medium;\">The future does not have to be the unknown past, but it depends on us humans how we shape it. We could do something with the future that has not happened before. Maybe our minds are only useful for survival but not suitable for understanding the world, because the real structure of the world is not tangible.<\/span><\/span><\/span><\/p>\n<p><span style=\"font-family: Arial, sans-serif;\"><span style=\"font-size: medium;\"><span style=\"color: #222222;\">Reality is therefore potentiality and we are capable of living it.<\/span><br \/>\n<span style=\"color: #222222;\">Konstantin Wecker wrote: &#8230; it&#8217;s about doing and not about winning &#8230;<\/span><\/span><\/span><\/p>\n<p><span style=\"color: #222222;\">in this sense: <\/span><span style=\"color: #1c3687;\"><a href=\"http:\/\/www.biolog.world\/en\/studienlehrgang\/\">von allem sein<\/a>.<\/span><\/p>","protected":false},"excerpt":{"rendered":"<p>In the continuous media storm, our attention is drawn to migration, conflicts, climate change and crime rates. Excessive demands, fear and powerlessness become companions of many people, desperation destroys the last hopes, connectedness and confidence are not experienceable concepts of unknown worlds of life. Here and there, even diminutive self-proclaimed rescuers emerge, completely free of &hellip; <a href=\"http:\/\/www.biolog.world\/en\/es-geht-ums-ganze\/\" class=\"excerpt-link\">Read More<\/a><\/p>\n","protected":false},"author":1,"featured_media":2330,"comment_status":"closed","ping_status":"open","sticky":false,"template":"","format":"standard","meta":{"jetpack_publicize_message":"","jetpack_is_tweetstorm":false,"jetpack_publicize_feature_enabled":true},"categories":[1],"tags":[],"jetpack_publicize_connections":[],"jetpack_featured_media_url":"https:\/\/i0.wp.com\/www.biolog.world\/wp-content\/uploads\/2018\/03\/ekkeroy.jpg?fit=1020%2C476","jetpack_sharing_enabled":false,"jetpack_shortlink":"https:\/\/wp.me\/p7OThW-Bz","jetpack-related-posts":[{"id":4041,"url":"http:\/\/www.biolog.world\/en\/es-passiert-nichts\/","url_meta":{"origin":2329,"position":0},"title":"es passiert nichts","date":"Sunday September 15th, 2019","format":false,"excerpt":"Es passiert nichts. Im immer noch vorherrschenden Weltbild des 19. Jahrhunderts pr\u00e4gt das Unverbundene stets die Modulation des Geschehens. Das kleine W\u00f6rtchen \"es\" dr\u00fcckt eine Ebene, eine Instanz aus, die einem, seit dem Beginn des 20. Jahrhunderts g\u00fcltigen, Weltbild vollkommen widerspricht. Folgt man dem Weltbild der holistischen Physik, wie Hans\u2026","rel":"","context":"In &quot;Allgemein&quot;","img":{"alt_text":"","src":"https:\/\/i0.wp.com\/www.biolog.world\/wp-content\/uploads\/2019\/09\/blog.jpg?fit=1020%2C476&resize=350%2C200","width":350,"height":200},"classes":[]},{"id":3931,"url":"http:\/\/www.biolog.world\/en\/verbundenheit\/","url_meta":{"origin":2329,"position":1},"title":"Verbundenheit","date":"Thursday January  3rd, 2019","format":false,"excerpt":"\"Es ist an der Zeit, unserem Leben wieder die Lebendigkeit zur\u00fcckzugeben, die diesem zueigen ist. Das hei\u00dft auch, dass wir die geistige Dimension unserer Existenz wieder erkennen m\u00fcssen, die wir verdr\u00e4ngt haben, denn deren Verlust in der modernen Welt wiegt schwer.\" So schreibt Hans Peter D\u00fcrr im Buch \"Verbundenheit\" und\u2026","rel":"","context":"In &quot;Allgemein&quot;","img":{"alt_text":"","src":"https:\/\/i0.wp.com\/www.biolog.world\/wp-content\/uploads\/2019\/01\/pasvik.jpg?fit=1020%2C476&resize=350%2C200","width":350,"height":200},"classes":[]},{"id":4010,"url":"http:\/\/www.biolog.world\/en\/veraenderliches-leben\/","url_meta":{"origin":2329,"position":2},"title":"Ver\u00e4nderliches Leben","date":"Tuesday June  4th, 2019","format":false,"excerpt":"Wenn sich die Mitternachtssonne in sattem Orange \u00fcber die nordische K\u00fcstenlandschaft, das gebirgige Fjell und die boreale Welt der sibirischen Taiga legt, erstrahlt sie nahe dem Horizont aus dem Norden und hat im Laufe ihres Tages die arktische Lebenswelt von allen Seiten beleuchtet. Mit dem sommerlichen Lauf der Sonne jenseits\u2026","rel":"","context":"In &quot;Allgemein&quot;","img":{"alt_text":"","src":"https:\/\/i0.wp.com\/www.biolog.world\/wp-content\/uploads\/2018\/09\/blog.jpg?fit=1020%2C476&resize=350%2C200","width":350,"height":200},"classes":[]},{"id":4459,"url":"http:\/\/www.biolog.world\/en\/das-verbindende-ueber-das-trennende-stellen\/","url_meta":{"origin":2329,"position":3},"title":"das Verbindende \u00fcber das Trennende stellen","date":"Tuesday November  9th, 2021","format":false,"excerpt":"\"Erst wenn Gedichte und Geschichten,\u00a0das Herz wieder gerade richten,...\u00a0dann fliegt vor einem geheimen Wort,\u00a0das ganze verkehrte Wesen fort.\" dichtet Konstantin Wecker in Fortf\u00fchrung der Zeilen von Novalis. Poesie und Geschichten einer verbundenen Welt fordern also die Poeten und allerorts ist davon die Rede, das Verbindende doch wieder \u00fcber das Trennende\u2026","rel":"","context":"In &quot;Allgemein&quot;","img":{"alt_text":"","src":"https:\/\/i0.wp.com\/www.biolog.world\/wp-content\/uploads\/2021\/11\/blog.jpg?fit=1020%2C476&resize=350%2C200","width":350,"height":200},"classes":[]},{"id":4529,"url":"http:\/\/www.biolog.world\/en\/zukunft-beginnt\/","url_meta":{"origin":2329,"position":4},"title":"Zukunft beginnt","date":"Tuesday August 30th, 2022","format":false,"excerpt":"\"Zukunft beginnt, wenn Kinder werden, was wir noch nicht sein k\u00f6nnen\" Wie also wollen wir leben, erziehen und bilden, damit unseren Kindern wieder eine Zukunft zu Teil wird und nicht blo\u00df ein unbekannter Teil der Vergangenheit. Es liegt an uns Erwachsenen. Wir m\u00fcssen uns jene Haltungen und jenes Weltwissen aneignen,\u2026","rel":"","context":"In &quot;Allgemein&quot;","img":{"alt_text":"","src":"https:\/\/i0.wp.com\/www.biolog.world\/wp-content\/uploads\/2022\/08\/vonallemsein.jpg?fit=1020%2C476&resize=350%2C200","width":350,"height":200},"classes":[]},{"id":4247,"url":"http:\/\/www.biolog.world\/en\/studieren-im-arktischen-lappland\/","url_meta":{"origin":2329,"position":5},"title":"Study in Arctic Lapland","date":"Saturday September 23rd, 2023","format":false,"excerpt":"It's starting again! A new study programme \u201cvon allem sein\u201d has been announced and a few places are still available. Three years full of special experiences await the participants of this unique worldwide course. Intensive study weeks in Lapland, excursions and internships accompanied by scientists, a wide range of scripts\u2026","rel":"","context":"In &quot;Allgemein&quot;","img":{"alt_text":"","src":"https:\/\/i0.wp.com\/www.biolog.world\/wp-content\/uploads\/2020\/01\/Z9A7964.jpg?fit=1200%2C560&resize=350%2C200","width":350,"height":200},"classes":[]}],"_links":{"self":[{"href":"http:\/\/www.biolog.world\/en\/wp-json\/wp\/v2\/posts\/2329"}],"collection":[{"href":"http:\/\/www.biolog.world\/en\/wp-json\/wp\/v2\/posts"}],"about":[{"href":"http:\/\/www.biolog.world\/en\/wp-json\/wp\/v2\/types\/post"}],"author":[{"embeddable":true,"href":"http:\/\/www.biolog.world\/en\/wp-json\/wp\/v2\/users\/1"}],"replies":[{"embeddable":true,"href":"http:\/\/www.biolog.world\/en\/wp-json\/wp\/v2\/comments?post=2329"}],"version-history":[{"count":11,"href":"http:\/\/www.biolog.world\/en\/wp-json\/wp\/v2\/posts\/2329\/revisions"}],"predecessor-version":[{"id":2472,"href":"http:\/\/www.biolog.world\/en\/wp-json\/wp\/v2\/posts\/2329\/revisions\/2472"}],"wp:featuredmedia":[{"embeddable":true,"href":"http:\/\/www.biolog.world\/en\/wp-json\/wp\/v2\/media\/2330"}],"wp:attachment":[{"href":"http:\/\/www.biolog.world\/en\/wp-json\/wp\/v2\/media?parent=2329"}],"wp:term":[{"taxonomy":"category","embeddable":true,"href":"http:\/\/www.biolog.world\/en\/wp-json\/wp\/v2\/categories?post=2329"},{"taxonomy":"post_tag","embeddable":true,"href":"http:\/\/www.biolog.world\/en\/wp-json\/wp\/v2\/tags?post=2329"}],"curies":[{"name":"wp","href":"https:\/\/api.w.org\/{rel}","templated":true}]}}