{"id":1697,"date":"2017-12-09T15:34:44","date_gmt":"2017-12-09T14:34:44","guid":{"rendered":"http:\/\/www.biolog.world\/?p=1697"},"modified":"2017-12-23T13:43:20","modified_gmt":"2017-12-23T12:43:20","slug":"es-war-ein-gutes-jahr","status":"publish","type":"post","link":"http:\/\/www.biolog.world\/en\/es-war-ein-gutes-jahr\/","title":{"rendered":"a good year"},"content":{"rendered":"<p>The first study course <span style=\"color: #003366;\"><a style=\"color: #003366;\" href=\"http:\/\/www.biolog.world\/en\/studienlehrgang\/\">&#8220;von allem sein&#8221;<\/a><\/span> was launched this year and the first group of committed educators will set off. For three years, they will gain experience and study in a wonderful atmosphere, and in the future, uniquely accompany young people on their way to transforming the world.<\/p>\n<p>Another <span style=\"color: #003366;\">study trip<\/span> for the young students of the Dorfschule to Lapland has been announced, leaving at the end of June the enthusiastic &#8220;earth children&#8221; are going to be heading north.<\/p>\n<p>In times like these, more and more courage is needed to break new ground, and the advancing isolation of the individual in society places loyalty on the red list of human virtues.<\/p>\n<p>That is precisely why we are proud and grateful to continue along the path to connected thinking and teaching together with committed and enthusiastic people of all ages.<\/p>","protected":false},"excerpt":{"rendered":"<p>The first study course &#8220;von allem sein&#8221; was launched this year and the first group of committed educators will set off. For three years, they will gain experience and study in a wonderful atmosphere, and in the future, uniquely accompany young people on their way to transforming the world. Another study trip for the young &hellip; <a href=\"http:\/\/www.biolog.world\/en\/es-war-ein-gutes-jahr\/\" class=\"excerpt-link\">Read More<\/a><\/p>\n","protected":false},"author":1,"featured_media":1698,"comment_status":"closed","ping_status":"closed","sticky":false,"template":"","format":"standard","meta":{"jetpack_publicize_message":"","jetpack_is_tweetstorm":false,"jetpack_publicize_feature_enabled":true},"categories":[1],"tags":[],"jetpack_publicize_connections":[],"jetpack_featured_media_url":"https:\/\/i0.wp.com\/www.biolog.world\/wp-content\/uploads\/2017\/12\/norway.jpg?fit=1024%2C476","jetpack_sharing_enabled":true,"jetpack_shortlink":"https:\/\/wp.me\/p7OThW-rn","jetpack-related-posts":[{"id":4163,"url":"http:\/\/www.biolog.world\/en\/resonanzpaedagogik\/","url_meta":{"origin":1697,"position":0},"title":"Resonanzp\u00e4dagogik","date":"Sunday February 23rd, 2020","format":false,"excerpt":"\u201eDas zentrale Bestreben der Moderne in allen Lebensbereichen und Gesellschaftssph\u00e4ren gilt dem Dingfest- und Verf\u00fcgbarmachen der Welt. Die Weltdinge und Prozesse sollen \u00f6konomisch und technisch verf\u00fcgbar, wissenschaftlich erkennbar und beherrschbar, rechtlich berechenbar und politisch steuerbar und f\u00fcr die Subjekte zugleich alltagspraktisch kontrollierbar und erfahrbar gemacht werden. Das Handeln der Moderne\u2026","rel":"","context":"In &quot;Allgemein&quot;","img":{"alt_text":"","src":"https:\/\/i0.wp.com\/www.biolog.world\/wp-content\/uploads\/2020\/02\/1_Z9A2629.jpg?fit=1020%2C476&resize=350%2C200","width":350,"height":200},"classes":[]},{"id":706,"url":"http:\/\/www.biolog.world\/en\/vorbereitungen-zum-studienlehrgang\/","url_meta":{"origin":1697,"position":1},"title":"Montessori Adolescent Studies-course in progress","date":"Tuesday August  8th, 2017","format":false,"excerpt":"Visiting the Varanger Peninsula, we have finished our preparations for the Intensive Course for Montessori Adolescent Studies starting July 2018. Enclosed you can find some pictures of the wonderful surrounding of Ekker\u00f8y where the course will be held. greetings from Arctic Varanger Uwe Kranner [soliloquy id=\"707\"]","rel":"","context":"In &quot;Allgemein&quot;","img":{"alt_text":"","src":"https:\/\/i0.wp.com\/www.biolog.world\/wp-content\/uploads\/2017\/08\/odins.jpg?fit=1024%2C476&resize=350%2C200","width":350,"height":200},"classes":[]},{"id":1009,"url":"http:\/\/www.biolog.world\/en\/informationstag-zum-studienlehrgang\/","url_meta":{"origin":1697,"position":2},"title":"Information day for the Montessori study course","date":"Monday August 28th, 2017","format":false,"excerpt":"In the summer of 2018, for the first time in Europe, a Montessori study course, dealing with the years of higher education will be starting. Maria Montessori also thought about this part of life, some of which has been handed down in her writings. Our course \"Beyond Everything\" brings these\u2026","rel":"","context":"In &quot;Allgemein&quot;","img":{"alt_text":"","src":"https:\/\/i0.wp.com\/www.biolog.world\/wp-content\/uploads\/2017\/08\/ekkeroy.jpg?fit=1024%2C476&resize=350%2C200","width":350,"height":200},"classes":[]},{"id":3595,"url":"http:\/\/www.biolog.world\/en\/sonne-aus-dem-norden\/","url_meta":{"origin":1697,"position":3},"title":"Sonne aus dem Norden","date":"Wednesday July  4th, 2018","format":false,"excerpt":"Sorry, this entry is only available in German. For the sake of viewer convenience, the content is shown below in the alternative language. You may click the link to switch the active language.Die Sonne erstrahlt rund um die Sommersonnenwende in arktischen Gebieten kurz nach Mitternacht aus n\u00f6rdlicher Richtung. Wenn dann\u2026","rel":"","context":"In &quot;Allgemein&quot;","img":{"alt_text":"","src":"https:\/\/i0.wp.com\/www.biolog.world\/wp-content\/uploads\/2018\/07\/loom.jpg?fit=1020%2C476&resize=350%2C200","width":350,"height":200},"classes":[]},{"id":4459,"url":"http:\/\/www.biolog.world\/en\/das-verbindende-ueber-das-trennende-stellen\/","url_meta":{"origin":1697,"position":4},"title":"das Verbindende \u00fcber das Trennende stellen","date":"Tuesday November  9th, 2021","format":false,"excerpt":"\"Erst wenn Gedichte und Geschichten,\u00a0das Herz wieder gerade richten,...\u00a0dann fliegt vor einem geheimen Wort,\u00a0das ganze verkehrte Wesen fort.\" dichtet Konstantin Wecker in Fortf\u00fchrung der Zeilen von Novalis. Poesie und Geschichten einer verbundenen Welt fordern also die Poeten und allerorts ist davon die Rede, das Verbindende doch wieder \u00fcber das Trennende\u2026","rel":"","context":"In &quot;Allgemein&quot;","img":{"alt_text":"","src":"https:\/\/i0.wp.com\/www.biolog.world\/wp-content\/uploads\/2021\/11\/blog.jpg?fit=1020%2C476&resize=350%2C200","width":350,"height":200},"classes":[]},{"id":4247,"url":"http:\/\/www.biolog.world\/en\/studieren-im-arktischen-lappland\/","url_meta":{"origin":1697,"position":5},"title":"Study in Arctic Lapland","date":"Saturday September 23rd, 2023","format":false,"excerpt":"It's starting again! A new study programme \u201cvon allem sein\u201d has been announced and a few places are still available. Three years full of special experiences await the participants of this unique worldwide course. Intensive study weeks in Lapland, excursions and internships accompanied by scientists, a wide range of scripts\u2026","rel":"","context":"In &quot;Allgemein&quot;","img":{"alt_text":"","src":"https:\/\/i0.wp.com\/www.biolog.world\/wp-content\/uploads\/2020\/01\/Z9A7964.jpg?fit=1200%2C560&resize=350%2C200","width":350,"height":200},"classes":[]}],"_links":{"self":[{"href":"http:\/\/www.biolog.world\/en\/wp-json\/wp\/v2\/posts\/1697"}],"collection":[{"href":"http:\/\/www.biolog.world\/en\/wp-json\/wp\/v2\/posts"}],"about":[{"href":"http:\/\/www.biolog.world\/en\/wp-json\/wp\/v2\/types\/post"}],"author":[{"embeddable":true,"href":"http:\/\/www.biolog.world\/en\/wp-json\/wp\/v2\/users\/1"}],"replies":[{"embeddable":true,"href":"http:\/\/www.biolog.world\/en\/wp-json\/wp\/v2\/comments?post=1697"}],"version-history":[{"count":7,"href":"http:\/\/www.biolog.world\/en\/wp-json\/wp\/v2\/posts\/1697\/revisions"}],"predecessor-version":[{"id":1754,"href":"http:\/\/www.biolog.world\/en\/wp-json\/wp\/v2\/posts\/1697\/revisions\/1754"}],"wp:featuredmedia":[{"embeddable":true,"href":"http:\/\/www.biolog.world\/en\/wp-json\/wp\/v2\/media\/1698"}],"wp:attachment":[{"href":"http:\/\/www.biolog.world\/en\/wp-json\/wp\/v2\/media?parent=1697"}],"wp:term":[{"taxonomy":"category","embeddable":true,"href":"http:\/\/www.biolog.world\/en\/wp-json\/wp\/v2\/categories?post=1697"},{"taxonomy":"post_tag","embeddable":true,"href":"http:\/\/www.biolog.world\/en\/wp-json\/wp\/v2\/tags?post=1697"}],"curies":[{"name":"wp","href":"https:\/\/api.w.org\/{rel}","templated":true}]}}