{"id":1075,"date":"2017-10-16T09:48:26","date_gmt":"2017-10-16T07:48:26","guid":{"rendered":"http:\/\/www.biolog.world\/?p=1075"},"modified":"2017-10-18T19:58:07","modified_gmt":"2017-10-18T17:58:07","slug":"geteilte-welt","status":"publish","type":"post","link":"http:\/\/www.biolog.world\/en\/geteilte-welt\/","title":{"rendered":"Divided world"},"content":{"rendered":"<p>Elections across many European countries show that more and more people are joining political movements, which promise them above all one thing: to free them from their fears.<\/p>\n<p>These fears show the alienation of Western societies and the loss of life security. In the time of Maria Montessori one knew these phenomena, the politics offered solutions, but to no avail.<\/p>\n<p>For a long time we have been aware of what causes these fears and that the only way out of alienation can be through a growing bond.<\/p>\n<p>With the desire to be connected and at the same time &#8220;to grow out of ourselves&#8221; we come into the world. Stable bonding and holistic formation are the necessary components of this desired fulfillment.<\/p>\n<p>&#8220;vom allem sein&#8221;, the study course on networked thinking and teaching, enables participants to cultivate this bond again and give it back to the children of this world.<\/p>\n<p>Be part of the first Montessori study course <a href=\"http:\/\/www.biolog.world\/en\/studienlehrgang\/\">&#8220;vom allem sein&#8221;<\/a>, which begins in summer 2018. Invite other people to take the path to being connected. The closing date for applications is the 30<sup>th<\/sup> November 2017.<\/p>\n<p><strong>Networked Thinking &#8211; Networked Teaching &#8211; Increasing the Conventional.<\/strong><br \/>\nNew ways of learning for tomorrow\u2019s world.<\/p>","protected":false},"excerpt":{"rendered":"<p>Elections across many European countries show that more and more people are joining political movements, which promise them above all one thing: to free them from their fears. These fears show the alienation of Western societies and the loss of life security. In the time of Maria Montessori one knew these phenomena, the politics offered &hellip; <a href=\"http:\/\/www.biolog.world\/en\/geteilte-welt\/\" class=\"excerpt-link\">Read More<\/a><\/p>\n","protected":false},"author":1,"featured_media":1079,"comment_status":"closed","ping_status":"closed","sticky":false,"template":"","format":"standard","meta":{"jetpack_publicize_message":"","jetpack_is_tweetstorm":false,"jetpack_publicize_feature_enabled":true},"categories":[1],"tags":[],"jetpack_publicize_connections":[],"jetpack_featured_media_url":"https:\/\/i0.wp.com\/www.biolog.world\/wp-content\/uploads\/2017\/10\/world-1.jpg?fit=1020%2C476","jetpack_sharing_enabled":true,"jetpack_shortlink":"https:\/\/wp.me\/p7OThW-hl","jetpack-related-posts":[{"id":4163,"url":"http:\/\/www.biolog.world\/en\/resonanzpaedagogik\/","url_meta":{"origin":1075,"position":0},"title":"Resonanzp\u00e4dagogik","date":"Sunday February 23rd, 2020","format":false,"excerpt":"\u201eDas zentrale Bestreben der Moderne in allen Lebensbereichen und Gesellschaftssph\u00e4ren gilt dem Dingfest- und Verf\u00fcgbarmachen der Welt. Die Weltdinge und Prozesse sollen \u00f6konomisch und technisch verf\u00fcgbar, wissenschaftlich erkennbar und beherrschbar, rechtlich berechenbar und politisch steuerbar und f\u00fcr die Subjekte zugleich alltagspraktisch kontrollierbar und erfahrbar gemacht werden. Das Handeln der Moderne\u2026","rel":"","context":"In &quot;Allgemein&quot;","img":{"alt_text":"","src":"https:\/\/i0.wp.com\/www.biolog.world\/wp-content\/uploads\/2020\/02\/1_Z9A2629.jpg?fit=1020%2C476&resize=350%2C200","width":350,"height":200},"classes":[]},{"id":4010,"url":"http:\/\/www.biolog.world\/en\/veraenderliches-leben\/","url_meta":{"origin":1075,"position":1},"title":"Ver\u00e4nderliches Leben","date":"Tuesday June  4th, 2019","format":false,"excerpt":"Wenn sich die Mitternachtssonne in sattem Orange \u00fcber die nordische K\u00fcstenlandschaft, das gebirgige Fjell und die boreale Welt der sibirischen Taiga legt, erstrahlt sie nahe dem Horizont aus dem Norden und hat im Laufe ihres Tages die arktische Lebenswelt von allen Seiten beleuchtet. Mit dem sommerlichen Lauf der Sonne jenseits\u2026","rel":"","context":"In &quot;Allgemein&quot;","img":{"alt_text":"","src":"https:\/\/i0.wp.com\/www.biolog.world\/wp-content\/uploads\/2018\/09\/blog.jpg?fit=1020%2C476&resize=350%2C200","width":350,"height":200},"classes":[]},{"id":4315,"url":"http:\/\/www.biolog.world\/en\/ergriffenheit\/","url_meta":{"origin":1075,"position":2},"title":"Comprehension","date":"Saturday June  5th, 2021","format":false,"excerpt":"\"Emotion precedes comprehension\" writes Byung-Chul Han in his current book: \"Undinge. Umbr\u00fcche der Lebenswelt\"How are today's children supposed to grasp the world when too many adults around them renounce feeling, being moved? A society in which people become more and more alienated from each other and give up their sense\u2026","rel":"","context":"In &quot;Allgemein&quot;","img":{"alt_text":"","src":"https:\/\/i0.wp.com\/www.biolog.world\/wp-content\/uploads\/2021\/06\/Z9A1733-scaled-e1630318805652.jpg?fit=1058%2C476&resize=350%2C200","width":350,"height":200},"classes":[]},{"id":4041,"url":"http:\/\/www.biolog.world\/en\/es-passiert-nichts\/","url_meta":{"origin":1075,"position":3},"title":"es passiert nichts","date":"Sunday September 15th, 2019","format":false,"excerpt":"Es passiert nichts. Im immer noch vorherrschenden Weltbild des 19. Jahrhunderts pr\u00e4gt das Unverbundene stets die Modulation des Geschehens. Das kleine W\u00f6rtchen \"es\" dr\u00fcckt eine Ebene, eine Instanz aus, die einem, seit dem Beginn des 20. Jahrhunderts g\u00fcltigen, Weltbild vollkommen widerspricht. Folgt man dem Weltbild der holistischen Physik, wie Hans\u2026","rel":"","context":"In &quot;Allgemein&quot;","img":{"alt_text":"","src":"https:\/\/i0.wp.com\/www.biolog.world\/wp-content\/uploads\/2019\/09\/blog.jpg?fit=1020%2C476&resize=350%2C200","width":350,"height":200},"classes":[]},{"id":4129,"url":"http:\/\/www.biolog.world\/en\/das-gefuehl-der-wunder\/","url_meta":{"origin":1075,"position":4},"title":"das Gef\u00fchl der Wunder","date":"Monday December 30th, 2019","format":false,"excerpt":"\u201eHumboldt wurde angetrieben von einem Gef\u00fchl der Wunder \u2013 ein Gef\u00fchl, das uns heute helfen k\u00f6nnte zu begreifen, dass wir nur sch\u00fctzen werden, was wir lieben.\u201c schreibt Andrea Wulf in \u201eAlexander von Humboldt und die Erfindung der Natur\u201c Der Universalgelehrte Alexander von Humboldt hat in seinem Werk aufgezeigt, was seit\u2026","rel":"","context":"In &quot;Allgemein&quot;","img":{"alt_text":"","src":"https:\/\/i0.wp.com\/www.biolog.world\/wp-content\/uploads\/2020\/01\/Z9A7964.jpg?fit=1200%2C560&resize=350%2C200","width":350,"height":200},"classes":[]},{"id":3931,"url":"http:\/\/www.biolog.world\/en\/verbundenheit\/","url_meta":{"origin":1075,"position":5},"title":"Verbundenheit","date":"Thursday January  3rd, 2019","format":false,"excerpt":"\"Es ist an der Zeit, unserem Leben wieder die Lebendigkeit zur\u00fcckzugeben, die diesem zueigen ist. Das hei\u00dft auch, dass wir die geistige Dimension unserer Existenz wieder erkennen m\u00fcssen, die wir verdr\u00e4ngt haben, denn deren Verlust in der modernen Welt wiegt schwer.\" So schreibt Hans Peter D\u00fcrr im Buch \"Verbundenheit\" und\u2026","rel":"","context":"In &quot;Allgemein&quot;","img":{"alt_text":"","src":"https:\/\/i0.wp.com\/www.biolog.world\/wp-content\/uploads\/2019\/01\/pasvik.jpg?fit=1020%2C476&resize=350%2C200","width":350,"height":200},"classes":[]}],"_links":{"self":[{"href":"http:\/\/www.biolog.world\/en\/wp-json\/wp\/v2\/posts\/1075"}],"collection":[{"href":"http:\/\/www.biolog.world\/en\/wp-json\/wp\/v2\/posts"}],"about":[{"href":"http:\/\/www.biolog.world\/en\/wp-json\/wp\/v2\/types\/post"}],"author":[{"embeddable":true,"href":"http:\/\/www.biolog.world\/en\/wp-json\/wp\/v2\/users\/1"}],"replies":[{"embeddable":true,"href":"http:\/\/www.biolog.world\/en\/wp-json\/wp\/v2\/comments?post=1075"}],"version-history":[{"count":2,"href":"http:\/\/www.biolog.world\/en\/wp-json\/wp\/v2\/posts\/1075\/revisions"}],"predecessor-version":[{"id":1083,"href":"http:\/\/www.biolog.world\/en\/wp-json\/wp\/v2\/posts\/1075\/revisions\/1083"}],"wp:featuredmedia":[{"embeddable":true,"href":"http:\/\/www.biolog.world\/en\/wp-json\/wp\/v2\/media\/1079"}],"wp:attachment":[{"href":"http:\/\/www.biolog.world\/en\/wp-json\/wp\/v2\/media?parent=1075"}],"wp:term":[{"taxonomy":"category","embeddable":true,"href":"http:\/\/www.biolog.world\/en\/wp-json\/wp\/v2\/categories?post=1075"},{"taxonomy":"post_tag","embeddable":true,"href":"http:\/\/www.biolog.world\/en\/wp-json\/wp\/v2\/tags?post=1075"}],"curies":[{"name":"wp","href":"https:\/\/api.w.org\/{rel}","templated":true}]}}