{"id":1032,"date":"2017-09-09T21:25:19","date_gmt":"2017-09-09T19:25:19","guid":{"rendered":"http:\/\/www.biolog.world\/?p=1032"},"modified":"2017-12-19T16:48:16","modified_gmt":"2017-12-19T15:48:16","slug":"eine-neue-lernkultur","status":"publish","type":"post","link":"http:\/\/www.biolog.world\/en\/eine-neue-lernkultur\/","title":{"rendered":"a new learning culture"},"content":{"rendered":"<p>The Montessori study course &#8220;<span style=\"color: #339966;\"><a href=\"http:\/\/www.biolog.world\/en\/studienlehrgang\/\"><strong><span style=\"color: #339966;\">von allem sein<\/span><\/strong><\/a><\/span>&#8221; is to be different from the previous course, but in all respects unique. For the first time there is the possibility to study Maria Montessori\u2019s cosmic curriculum for young people on the way to higher maturity in an atmosphere of fresh learning culture.<\/p>\n<p>Also the necessary teaching aids and working models for supporting the young people are created automatically and an awareness of the high scientific and poetic atmosphere of these years is developed for this new learning culture.<\/p>\n<p><span style=\"color: #339966;\">K. E. Palmgren<\/span>, director of a Swedish school (Samskola) wrote at the end of the 19<sup>th<\/sup> Century about a teacher\u2019s picture:<br \/>\nIt is not a matter of coming into the Samskola and merely giving a lesson. It is a matter of deeply grasping ones profession, feeling and experience. Here I now stand in the place of the father and the mother, I must not only teach, but also give it meaning that helps to strengthen the character of the young children, that the youths feel they have a friend before them, that they are an influence of the living personality of the teacher\u2019s feelings and experiences themselves, so that the student, on their part, give the teacher the best that they have, their confidence, their life-long hope for the future, and their joy. (Translated)<\/p>\n<p>Similarly, some years later <span style=\"color: #339966;\">Rainer Maria Rilke<\/span> in his letter &#8220;Samskola&#8221; in which he wrote:<br \/>\nAnd in relation to life, this school does not want to be different, so it does not need teachers who take this profession; they must not be seized by their profession. It is not enough for them to rule an object; for this object must stand in the open air, and it must not be isolated, not cut off, not lifted from all contexts if something stirs in the world, it must tremble and sound, one must be able to remember it, and the life of the various subjects will always be the subject of life.&#8221;\u00a0(Translated)<\/p>\n<p>The Montessori study course &#8220;<span style=\"color: #339966;\"><a href=\"http:\/\/www.biolog.world\/en\/studienlehrgang\/\"><strong>von allem sein<\/strong><\/a><\/span>&#8221; offers interested people the opportunity to become teachers of a new learning culture, providing a unique opportunity to explore new paths.<\/p>","protected":false},"excerpt":{"rendered":"<p>The Montessori study course &#8220;von allem sein&#8221; is to be different from the previous course, but in all respects unique. For the first time there is the possibility to study Maria Montessori\u2019s cosmic curriculum for young people on the way to higher maturity in an atmosphere of fresh learning culture. Also the necessary teaching aids &hellip; <a href=\"http:\/\/www.biolog.world\/en\/eine-neue-lernkultur\/\" class=\"excerpt-link\">Read More<\/a><\/p>\n","protected":false},"author":1,"featured_media":1707,"comment_status":"closed","ping_status":"closed","sticky":false,"template":"","format":"standard","meta":{"jetpack_publicize_message":"","jetpack_is_tweetstorm":false,"jetpack_publicize_feature_enabled":true},"categories":[1],"tags":[],"jetpack_publicize_connections":[],"jetpack_featured_media_url":"https:\/\/i0.wp.com\/www.biolog.world\/wp-content\/uploads\/2017\/09\/lumme.jpg?fit=1024%2C476","jetpack_sharing_enabled":true,"jetpack_shortlink":"https:\/\/wp.me\/p7OThW-gE","jetpack-related-posts":[{"id":3830,"url":"http:\/\/www.biolog.world\/en\/infotag-zum-studienlehrgang\/","url_meta":{"origin":1032,"position":0},"title":"Infotag zum Studienlehrgang","date":"Tuesday October  2nd, 2018","format":false,"excerpt":"von allem sein | Montessori Studienlehrgang 2019 \"Man schafft niemals Ver\u00e4nderung, indem man das Bestehende bek\u00e4mpft. Um etwas zu ver\u00e4ndern, baut man neue Modelle, die das Alte \u00fcberfl\u00fcssig machen.\" (R. Buckminster Fuller) In einem neuen Modell einer Bildung wird nicht die \u00dcberpr\u00fcfbarkeit von Wissen im Vordergrund stehen, sondern der Anteil\u2026","rel":"","context":"In &quot;Allgemein&quot;","img":{"alt_text":"","src":"https:\/\/i0.wp.com\/www.biolog.world\/wp-content\/uploads\/2018\/10\/midnight.jpg?fit=1020%2C476&resize=350%2C200","width":350,"height":200},"classes":[]},{"id":706,"url":"http:\/\/www.biolog.world\/en\/vorbereitungen-zum-studienlehrgang\/","url_meta":{"origin":1032,"position":1},"title":"Montessori Adolescent Studies-course in progress","date":"Tuesday August  8th, 2017","format":false,"excerpt":"Visiting the Varanger Peninsula, we have finished our preparations for the Intensive Course for Montessori Adolescent Studies starting July 2018. Enclosed you can find some pictures of the wonderful surrounding of Ekker\u00f8y where the course will be held. greetings from Arctic Varanger Uwe Kranner [soliloquy id=\"707\"]","rel":"","context":"In &quot;Allgemein&quot;","img":{"alt_text":"","src":"https:\/\/i0.wp.com\/www.biolog.world\/wp-content\/uploads\/2017\/08\/odins.jpg?fit=1024%2C476&resize=350%2C200","width":350,"height":200},"classes":[]},{"id":3763,"url":"http:\/\/www.biolog.world\/en\/studienlehrgang-2019-2\/","url_meta":{"origin":1032,"position":2},"title":"Studienlehrgang 2019","date":"Tuesday September 11th, 2018","format":false,"excerpt":"Wir freuen uns sehr, f\u00fcr August 2019 einen weiteren Studienlehrgang \"von allem sein\" ausschreiben zu k\u00f6nnen.\u00a0 F\u00fcr 10 Teilnehmerinnen und\u00a0Teilnehmer er\u00f6ffnet\u00a0sich die einzigartige M\u00f6glichkeit, zu lehrenden Pers\u00f6nlichkeiten heranzuwachsen,\u00a0die selbst verbundenes Wissen erlangt haben und die menschliche Entwicklung aus der Perspektive einer tiefgehenden Weltbeziehung begleiten. Dieses\u00a0intensive, dreij\u00e4hrige Studium\u00a0erm\u00f6glicht\u00a0interessierten Menschen, selbstt\u00e4tig und\u2026","rel":"","context":"In &quot;Allgemein&quot;","img":{"alt_text":"","src":"https:\/\/i0.wp.com\/www.biolog.world\/wp-content\/uploads\/2018\/09\/blog.jpg?fit=1020%2C476&resize=350%2C200","width":350,"height":200},"classes":[]},{"id":4041,"url":"http:\/\/www.biolog.world\/en\/es-passiert-nichts\/","url_meta":{"origin":1032,"position":3},"title":"es passiert nichts","date":"Sunday September 15th, 2019","format":false,"excerpt":"Es passiert nichts. Im immer noch vorherrschenden Weltbild des 19. Jahrhunderts pr\u00e4gt das Unverbundene stets die Modulation des Geschehens. Das kleine W\u00f6rtchen \"es\" dr\u00fcckt eine Ebene, eine Instanz aus, die einem, seit dem Beginn des 20. Jahrhunderts g\u00fcltigen, Weltbild vollkommen widerspricht. Folgt man dem Weltbild der holistischen Physik, wie Hans\u2026","rel":"","context":"In &quot;Allgemein&quot;","img":{"alt_text":"","src":"https:\/\/i0.wp.com\/www.biolog.world\/wp-content\/uploads\/2019\/09\/blog.jpg?fit=1020%2C476&resize=350%2C200","width":350,"height":200},"classes":[]},{"id":4129,"url":"http:\/\/www.biolog.world\/en\/das-gefuehl-der-wunder\/","url_meta":{"origin":1032,"position":4},"title":"das Gef\u00fchl der Wunder","date":"Monday December 30th, 2019","format":false,"excerpt":"\u201eHumboldt wurde angetrieben von einem Gef\u00fchl der Wunder \u2013 ein Gef\u00fchl, das uns heute helfen k\u00f6nnte zu begreifen, dass wir nur sch\u00fctzen werden, was wir lieben.\u201c schreibt Andrea Wulf in \u201eAlexander von Humboldt und die Erfindung der Natur\u201c Der Universalgelehrte Alexander von Humboldt hat in seinem Werk aufgezeigt, was seit\u2026","rel":"","context":"In &quot;Allgemein&quot;","img":{"alt_text":"","src":"https:\/\/i0.wp.com\/www.biolog.world\/wp-content\/uploads\/2020\/01\/Z9A7964.jpg?fit=1200%2C560&resize=350%2C200","width":350,"height":200},"classes":[]},{"id":1009,"url":"http:\/\/www.biolog.world\/en\/informationstag-zum-studienlehrgang\/","url_meta":{"origin":1032,"position":5},"title":"Information day for the Montessori study course","date":"Monday August 28th, 2017","format":false,"excerpt":"In the summer of 2018, for the first time in Europe, a Montessori study course, dealing with the years of higher education will be starting. Maria Montessori also thought about this part of life, some of which has been handed down in her writings. Our course \"Beyond Everything\" brings these\u2026","rel":"","context":"In &quot;Allgemein&quot;","img":{"alt_text":"","src":"https:\/\/i0.wp.com\/www.biolog.world\/wp-content\/uploads\/2017\/08\/ekkeroy.jpg?fit=1024%2C476&resize=350%2C200","width":350,"height":200},"classes":[]}],"_links":{"self":[{"href":"http:\/\/www.biolog.world\/en\/wp-json\/wp\/v2\/posts\/1032"}],"collection":[{"href":"http:\/\/www.biolog.world\/en\/wp-json\/wp\/v2\/posts"}],"about":[{"href":"http:\/\/www.biolog.world\/en\/wp-json\/wp\/v2\/types\/post"}],"author":[{"embeddable":true,"href":"http:\/\/www.biolog.world\/en\/wp-json\/wp\/v2\/users\/1"}],"replies":[{"embeddable":true,"href":"http:\/\/www.biolog.world\/en\/wp-json\/wp\/v2\/comments?post=1032"}],"version-history":[{"count":8,"href":"http:\/\/www.biolog.world\/en\/wp-json\/wp\/v2\/posts\/1032\/revisions"}],"predecessor-version":[{"id":1042,"href":"http:\/\/www.biolog.world\/en\/wp-json\/wp\/v2\/posts\/1032\/revisions\/1042"}],"wp:featuredmedia":[{"embeddable":true,"href":"http:\/\/www.biolog.world\/en\/wp-json\/wp\/v2\/media\/1707"}],"wp:attachment":[{"href":"http:\/\/www.biolog.world\/en\/wp-json\/wp\/v2\/media?parent=1032"}],"wp:term":[{"taxonomy":"category","embeddable":true,"href":"http:\/\/www.biolog.world\/en\/wp-json\/wp\/v2\/categories?post=1032"},{"taxonomy":"post_tag","embeddable":true,"href":"http:\/\/www.biolog.world\/en\/wp-json\/wp\/v2\/tags?post=1032"}],"curies":[{"name":"wp","href":"https:\/\/api.w.org\/{rel}","templated":true}]}}